{"id":16087,"date":"2023-06-14T08:58:56","date_gmt":"2023-06-14T11:58:56","guid":{"rendered":"http:\/\/dgospel.com.br\/portal\/?p=16087"},"modified":"2023-06-14T08:58:57","modified_gmt":"2023-06-14T11:58:57","slug":"lula-se-irrita-com-baixa-audiencia-na-estreia-da-conversa-com-o-presidente","status":"publish","type":"post","link":"https:\/\/dgospel.com.br\/portal\/index.php\/2023\/06\/14\/lula-se-irrita-com-baixa-audiencia-na-estreia-da-conversa-com-o-presidente\/","title":{"rendered":"Lula se irrita com baixa audi\u00eancia na estreia da \u201cConversa com o Presidente\u201d"},"content":{"rendered":"\n<p>Lula estreou seu programa ao vivo nesta ter\u00e7a-feira (13), seguindo os passos de seu antecessor, Jair Bolsonaro. Entretanto, o \u201cConversa com o Presidente\u201d, apresentado, por Marcos Uch\u00f4a e com toda a estrutura da EBC, n\u00e3o conseguiu alcan\u00e7ar a mesma audi\u00eancia que as transmiss\u00f5es de Bolsonaro atingiam regularmente, utilizando somente um celular e feito em alguma sala do Alvorara, sem apresentador, somente com Bolsonaro falando espontaneamente.<\/p>\n\n\n\n<p><a href=\"https:\/\/www.assembleia.pr.leg.br\/assembleia-itinerante\/sugestao-de-melhorias-para-sua-cidade\" target=\"_blank\" rel=\"noreferrer noopener\"><\/a><\/p>\n\n\n\n<p>No Youtube, a live de Lula reuniu menos de 6 mil espectadores simult\u00e2neos, chegando a um total de pouco mais de 12 mil visualiza\u00e7\u00f5es ao final da transmiss\u00e3o. Mesmo com um desempenho levemente melhor no Facebook e Twitter, com 9,4 mil e 34,5 mil visualiza\u00e7\u00f5es, respectivamente, os n\u00fameros ficaram aqu\u00e9m das marcas estabelecidas por Bolsonaro.<\/p>\n\n\n\n<p>Apesar dos esfor\u00e7os de promo\u00e7\u00e3o por parte do ministro Paulo Pimenta, da Secom, e do deputado Andr\u00e9 Janones (Avante-MG), bastante ativo nas redes sociais, a estreia da live de Lula n\u00e3o conseguiu atrair a audi\u00eancia esperada. O que deixou o mandat\u00e1rio bem irritado diante de n\u00fameros irris\u00f3rios, se comparado aos alcan\u00e7ados por Bolsonaro.<\/p>\n\n\n\n<p>Segundo interlocutores palacianos, Lula saiu irritado ao t\u00e9rmino da transmiss\u00e3o.<\/p>\n\n\n\n<p>Para efeito de compara\u00e7\u00e3o, as lives semanais de Bolsonaro, transmitidas todas as quintas-feiras \u00e0s 19h e retransmitidas pela Jovem Pan, reuniam entre 100 mil e 300 mil visualiza\u00e7\u00f5es, evidenciando um abismo consider\u00e1vel na aceita\u00e7\u00e3o do p\u00fablico. Na \u00faltima transmiss\u00e3o ao vivo de Bolsonaro, cerca de 600 mil pessoas acompanharam simultaneamente em apenas uma rede social, um contraste significativo com o alcance da live inaugural de Lula.<\/p>\n","protected":false},"excerpt":{"rendered":"<p>Lula estreou seu programa ao vivo nesta ter\u00e7a-feira (13), seguindo os passos de seu antecessor, Jair Bolsonaro. Entretanto, o \u201cConversa com o Presidente\u201d, apresentado, por Marcos Uch\u00f4a e com toda a estrutura da EBC, n\u00e3o conseguiu alcan\u00e7ar a mesma audi\u00eancia que as transmiss\u00f5es de Bolsonaro atingiam regularmente, utilizando somente um celular e feito em alguma [&hellip;]<\/p>\n","protected":false},"author":2,"featured_media":16088,"comment_status":"open","ping_status":"open","sticky":false,"template":"","format":"standard","meta":[],"categories":[4],"tags":[],"_links":{"self":[{"href":"https:\/\/dgospel.com.br\/portal\/index.php\/wp-json\/wp\/v2\/posts\/16087"}],"collection":[{"href":"https:\/\/dgospel.com.br\/portal\/index.php\/wp-json\/wp\/v2\/posts"}],"about":[{"href":"https:\/\/dgospel.com.br\/portal\/index.php\/wp-json\/wp\/v2\/types\/post"}],"author":[{"embeddable":true,"href":"https:\/\/dgospel.com.br\/portal\/index.php\/wp-json\/wp\/v2\/users\/2"}],"replies":[{"embeddable":true,"href":"https:\/\/dgospel.com.br\/portal\/index.php\/wp-json\/wp\/v2\/comments?post=16087"}],"version-history":[{"count":1,"href":"https:\/\/dgospel.com.br\/portal\/index.php\/wp-json\/wp\/v2\/posts\/16087\/revisions"}],"predecessor-version":[{"id":16089,"href":"https:\/\/dgospel.com.br\/portal\/index.php\/wp-json\/wp\/v2\/posts\/16087\/revisions\/16089"}],"wp:featuredmedia":[{"embeddable":true,"href":"https:\/\/dgospel.com.br\/portal\/index.php\/wp-json\/wp\/v2\/media\/16088"}],"wp:attachment":[{"href":"https:\/\/dgospel.com.br\/portal\/index.php\/wp-json\/wp\/v2\/media?parent=16087"}],"wp:term":[{"taxonomy":"category","embeddable":true,"href":"https:\/\/dgospel.com.br\/portal\/index.php\/wp-json\/wp\/v2\/categories?post=16087"},{"taxonomy":"post_tag","embeddable":true,"href":"https:\/\/dgospel.com.br\/portal\/index.php\/wp-json\/wp\/v2\/tags?post=16087"}],"curies":[{"name":"wp","href":"https:\/\/api.w.org\/{rel}","templated":true}]}}