{"id":16090,"date":"2023-06-14T09:02:07","date_gmt":"2023-06-14T12:02:07","guid":{"rendered":"http:\/\/dgospel.com.br\/portal\/?p=16090"},"modified":"2023-06-14T09:02:08","modified_gmt":"2023-06-14T12:02:08","slug":"lula-retira-quase-2-milhoes-de-beneficiarios-do-bolsa-familia-em-2023","status":"publish","type":"post","link":"https:\/\/dgospel.com.br\/portal\/index.php\/2023\/06\/14\/lula-retira-quase-2-milhoes-de-beneficiarios-do-bolsa-familia-em-2023\/","title":{"rendered":"Lula retira quase 2 milh\u00f5es de benefici\u00e1rios do bolsa fam\u00edlia em 2023"},"content":{"rendered":"\n<p>O governo de Luiz In\u00e1cio Lula da Silva (PT) cancelou o benef\u00edcio de 1,8 milh\u00e3o de fam\u00edlias do Bolsa Fam\u00edlia, de janeiro a maio de 2023. A informa\u00e7\u00e3o foi repassada ao Poder360 pelo Minist\u00e9rio do Desenvolvimento e Assist\u00eancia Social, Fam\u00edlia e Combate \u00e0 Fome via LAI (Lei de Acesso \u00e0 Informa\u00e7\u00e3o).<\/p>\n\n\n\n<p><a href=\"https:\/\/www.assembleia.pr.leg.br\/assembleia-itinerante\/sugestao-de-melhorias-para-sua-cidade\" target=\"_blank\" rel=\"noreferrer noopener\"><\/a><\/p>\n\n\n\n<p>Os cortes se deram depois que a equipe econ\u00f4mica prometeu um \u201cpente-fino\u201d na lista de pessoas atendidas.<\/p>\n\n\n\n<p>Atualmente, 21,2 milh\u00f5es de fam\u00edlias s\u00e3o contempladas pelo programa social, o que representa um saldo de quase 400 mil a menos em rela\u00e7\u00e3o a dezembro de 2022. De novembro de 2021 at\u00e9 fevereiro de 2023, o programa foi nomeado de Aux\u00edlio Brasil.<\/p>\n\n\n\n<p>Lula n\u00e3o cumpriu com sua promessa da \u201cpicanha e cervejinha \u201d at\u00e9 agora em seu governo, segundo as ultimas pesquisas Lula perdeu 10% dos eleitorados no nordeste.<\/p>\n","protected":false},"excerpt":{"rendered":"<p>O governo de Luiz In\u00e1cio Lula da Silva (PT) cancelou o benef\u00edcio de 1,8 milh\u00e3o de fam\u00edlias do Bolsa Fam\u00edlia, de janeiro a maio de 2023. A informa\u00e7\u00e3o foi repassada ao Poder360 pelo Minist\u00e9rio do Desenvolvimento e Assist\u00eancia Social, Fam\u00edlia e Combate \u00e0 Fome via LAI (Lei de Acesso \u00e0 Informa\u00e7\u00e3o). Os cortes se deram [&hellip;]<\/p>\n","protected":false},"author":2,"featured_media":16091,"comment_status":"open","ping_status":"open","sticky":false,"template":"","format":"standard","meta":[],"categories":[4],"tags":[],"_links":{"self":[{"href":"https:\/\/dgospel.com.br\/portal\/index.php\/wp-json\/wp\/v2\/posts\/16090"}],"collection":[{"href":"https:\/\/dgospel.com.br\/portal\/index.php\/wp-json\/wp\/v2\/posts"}],"about":[{"href":"https:\/\/dgospel.com.br\/portal\/index.php\/wp-json\/wp\/v2\/types\/post"}],"author":[{"embeddable":true,"href":"https:\/\/dgospel.com.br\/portal\/index.php\/wp-json\/wp\/v2\/users\/2"}],"replies":[{"embeddable":true,"href":"https:\/\/dgospel.com.br\/portal\/index.php\/wp-json\/wp\/v2\/comments?post=16090"}],"version-history":[{"count":1,"href":"https:\/\/dgospel.com.br\/portal\/index.php\/wp-json\/wp\/v2\/posts\/16090\/revisions"}],"predecessor-version":[{"id":16092,"href":"https:\/\/dgospel.com.br\/portal\/index.php\/wp-json\/wp\/v2\/posts\/16090\/revisions\/16092"}],"wp:featuredmedia":[{"embeddable":true,"href":"https:\/\/dgospel.com.br\/portal\/index.php\/wp-json\/wp\/v2\/media\/16091"}],"wp:attachment":[{"href":"https:\/\/dgospel.com.br\/portal\/index.php\/wp-json\/wp\/v2\/media?parent=16090"}],"wp:term":[{"taxonomy":"category","embeddable":true,"href":"https:\/\/dgospel.com.br\/portal\/index.php\/wp-json\/wp\/v2\/categories?post=16090"},{"taxonomy":"post_tag","embeddable":true,"href":"https:\/\/dgospel.com.br\/portal\/index.php\/wp-json\/wp\/v2\/tags?post=16090"}],"curies":[{"name":"wp","href":"https:\/\/api.w.org\/{rel}","templated":true}]}}