{"id":16096,"date":"2023-06-14T11:13:03","date_gmt":"2023-06-14T14:13:03","guid":{"rendered":"http:\/\/dgospel.com.br\/portal\/?p=16096"},"modified":"2023-06-14T11:13:05","modified_gmt":"2023-06-14T14:13:05","slug":"cpmi-do-8-de-janeiro-a-ordem-e-segurar-o-depoimento-do-general-dias","status":"publish","type":"post","link":"https:\/\/dgospel.com.br\/portal\/index.php\/2023\/06\/14\/cpmi-do-8-de-janeiro-a-ordem-e-segurar-o-depoimento-do-general-dias\/","title":{"rendered":"CPMI do 8 de Janeiro: a ordem \u00e9 segurar o depoimento do general Dias"},"content":{"rendered":"\n<p>Os parlamentares governistas que comp\u00f5em a CPMI do 8 de Janeiro no Congresso receberam ordem expressa para evitar o depoimento do general Gon\u00e7alves Dias, ex-chefe do Gabinete de Seguran\u00e7a Institucional (GSI). Com maioria num\u00e9rica, conseguiram ganhar f\u00f4lego at\u00e9 a pr\u00f3xima semana.<\/p>\n\n\n\n<p>Para os holofotes da imprensa, o grupo liderado por Randolfe Rodrigues (AP) vendeu a narrativa de que \u00e9 mais articulado e preparado para uma comiss\u00e3o desse porte. Conseguiu emplacar nesta ter\u00e7a-feira, 13, a vota\u00e7\u00e3o de requerimentos em bloco \u2014 como quebra de sigilos e convoca\u00e7\u00f5es.<\/p>\n\n\n\n<p>Mas a preocupa\u00e7\u00e3o do governo \u00e9 outra: G.Dias, como \u00e9 conhecido o ex-guarda-costas de Lula, deixou o governo \u201cpela porta dos fundos\u201d, como afirmam os pr\u00f3prios deputados do centr\u00e3o que est\u00e3o ajudando o governo em troca de cargos e emendas parlamentares.<\/p>\n\n\n\n<p>Ao ganhar tempo empurrando o depoimento de G.Dias, considerado inevit\u00e1vel porque ter\u00e1 de constar do relat\u00f3rio final da CPI, o governo aguarda que o Supremo Tribunal Federal (STF) acelere o desfecho do 8 de janeiro na Corte.<\/p>\n\n\n\n<p>Ontem, o ministro&nbsp;<strong><a href=\"https:\/\/www.google.com.br\/search?q=revista+oeste+alexandre+de+moraes&amp;ei=kbGJZM7tB8fx1sQPmdGi2AM&amp;ved=0ahUKEwiO-tLN4ML_AhXHuJUCHZmoCDsQ4dUDCA8&amp;uact=5&amp;oq=revista+oeste+alexandre+de+moraes&amp;gs_lcp=Cgxnd3Mtd2l6LXNlcnAQAzIHCAAQDRCABDoKCAAQRxDWBBCwAzoICAAQgAQQsQM6BQgAEIAEOgsIABCKBRCxAxCDAToLCC4QgAQQsQMQgwE6GQguEIAEELEDEIMBEJcFENwEEN4EEN8EGAE6BggAEAcQHjoTCC4QDRCABBCxAxCDARCxAxCDAToKCAAQDRCABBCxAzobCC4QDRCABBCxAxCDARCXBRDcBBDeBBDfBBgBOggIABAFEAcQHjoGCAAQCBAeOggIABAIEB4QDUoECEEYAFCgF1ijLGD2LGgHcAF4AYABzgGIAb8QkgEGMC4xNS4xmAEAoAEBwAEByAEI2gEGCAEQARgU&amp;sclient=gws-wiz-serp\" target=\"_blank\" rel=\"noreferrer noopener\">Alexandre de Moraes<\/a><\/strong>&nbsp;pediu 45 dias para compartilhar os inqu\u00e9ritos que tramitam em sigilo na Corte. Como os parlamentares da base n\u00e3o t\u00eam acesso ao general, seu estado de esp\u00edrito \u00e9 desconhecido diante do surgimento de novas evid\u00eancias acerca da omiss\u00e3o de informa\u00e7\u00f5es sobre o risco de ataques em Bras\u00edlia.<\/p>\n\n\n\n<p>Nas palavras de um dos integrantes da CPMI que se diz \u201cindependente\u201d, o governo teme \u2014 mais do que a presen\u00e7a de \u201cinfiltrados\u201d \u2014 a tese de que \u201csabia de tudo\u201d o que estava em curso e deixou o estrago acontecer. Isso, se comprovado por meio de uma confiss\u00e3o, seria combust\u00edvel para um processo de&nbsp;<em>impeachment<\/em>. A nova informa\u00e7\u00e3o,&nbsp;<strong><a href=\"https:\/\/revistaoeste.com\/politica\/8-de-janeiro-ex-ministro-de-lula-mandou-abin-omitir-alertas-de-relatorio-diz-jornal\/\" target=\"_blank\" rel=\"noreferrer noopener\">publicada pelo jornal&nbsp;<em>Folha de S.Paulo<\/em><\/a><\/strong>, de que G.Dias mandou omitir dados enviados ao Congresso pode encurtar o plano de blindagem.<\/p>\n","protected":false},"excerpt":{"rendered":"<p>Os parlamentares governistas que comp\u00f5em a CPMI do 8 de Janeiro no Congresso receberam ordem expressa para evitar o depoimento do general Gon\u00e7alves Dias, ex-chefe do Gabinete de Seguran\u00e7a Institucional (GSI). Com maioria num\u00e9rica, conseguiram ganhar f\u00f4lego at\u00e9 a pr\u00f3xima semana. Para os holofotes da imprensa, o grupo liderado por Randolfe Rodrigues (AP) vendeu a [&hellip;]<\/p>\n","protected":false},"author":2,"featured_media":16097,"comment_status":"open","ping_status":"open","sticky":false,"template":"","format":"standard","meta":[],"categories":[10],"tags":[],"_links":{"self":[{"href":"https:\/\/dgospel.com.br\/portal\/index.php\/wp-json\/wp\/v2\/posts\/16096"}],"collection":[{"href":"https:\/\/dgospel.com.br\/portal\/index.php\/wp-json\/wp\/v2\/posts"}],"about":[{"href":"https:\/\/dgospel.com.br\/portal\/index.php\/wp-json\/wp\/v2\/types\/post"}],"author":[{"embeddable":true,"href":"https:\/\/dgospel.com.br\/portal\/index.php\/wp-json\/wp\/v2\/users\/2"}],"replies":[{"embeddable":true,"href":"https:\/\/dgospel.com.br\/portal\/index.php\/wp-json\/wp\/v2\/comments?post=16096"}],"version-history":[{"count":1,"href":"https:\/\/dgospel.com.br\/portal\/index.php\/wp-json\/wp\/v2\/posts\/16096\/revisions"}],"predecessor-version":[{"id":16098,"href":"https:\/\/dgospel.com.br\/portal\/index.php\/wp-json\/wp\/v2\/posts\/16096\/revisions\/16098"}],"wp:featuredmedia":[{"embeddable":true,"href":"https:\/\/dgospel.com.br\/portal\/index.php\/wp-json\/wp\/v2\/media\/16097"}],"wp:attachment":[{"href":"https:\/\/dgospel.com.br\/portal\/index.php\/wp-json\/wp\/v2\/media?parent=16096"}],"wp:term":[{"taxonomy":"category","embeddable":true,"href":"https:\/\/dgospel.com.br\/portal\/index.php\/wp-json\/wp\/v2\/categories?post=16096"},{"taxonomy":"post_tag","embeddable":true,"href":"https:\/\/dgospel.com.br\/portal\/index.php\/wp-json\/wp\/v2\/tags?post=16096"}],"curies":[{"name":"wp","href":"https:\/\/api.w.org\/{rel}","templated":true}]}}