{"id":16099,"date":"2023-06-14T11:15:02","date_gmt":"2023-06-14T14:15:02","guid":{"rendered":"http:\/\/dgospel.com.br\/portal\/?p=16099"},"modified":"2023-06-14T11:15:03","modified_gmt":"2023-06-14T14:15:03","slug":"gdias-mandou-esconder-do-congresso-alertas-da-abin-sobre-8-1","status":"publish","type":"post","link":"https:\/\/dgospel.com.br\/portal\/index.php\/2023\/06\/14\/gdias-mandou-esconder-do-congresso-alertas-da-abin-sobre-8-1\/","title":{"rendered":"GDias mandou esconder do Congresso alertas da Abin sobre 8\/1"},"content":{"rendered":"\n<p>Ex-ministro chefe do GSI (Gabinete de Seguran\u00e7a Institucional) do governo Lula (PT), o general Gon\u00e7alves Dias deu ordens para que a Abin (Ag\u00eancia Brasileira de Intelig\u00eancia) n\u00e3o relatasse em documento enviado ao Congresso que ele foi alertado pelo \u00f3rg\u00e3o previamente sobre as amea\u00e7as de atentados no dia 8 de janeiro, em Bras\u00edlia. As informa\u00e7\u00f5es foram reveladas pela Folha de S. Paulo.<\/p>\n\n\n\n<p>Segundo o jornal, a CCAI (Comiss\u00e3o de Atividades de Controle de Intelig\u00eancia) solicitou, no dia 9 de janeiro, que o GSI enviasse ao Congresso um relat\u00f3rio detalhado sobre todos os informes que a Abin fez entre os dias 2 e 8 daquele m\u00eas.<\/p>\n\n\n\n<p>Entretanto, antes que chegasse ao Congresso no dia 20 de janeiro, o documento passou pelo crivo de Gdias, que determinou que fossem suprimidos os trechos sobre os alertas enviados a ele, sob a alega\u00e7\u00e3o de que n\u00e3o foram encaminhados por canais oficiais, mas sim pelo Whatsapp.<\/p>\n\n\n\n<p>A utiliza\u00e7\u00e3o do aplicativo para alertas de intelig\u00eancia passou a ser comum enquanto o GSI ainda era comandado pelo general Augusto Heleno, e a Abin estava sob a gest\u00e3o do delegado e hoje deputado federal Alexandre Ramagem (PL-RJ).<\/p>\n\n\n\n<p>Ao receber o documento, GDias ordenou \u00e0 dire\u00e7\u00e3o da Abin que na minuta constasse apenas os alertas feitos em grupos considerados como oficiais. J\u00e1 a vers\u00e3o completa da planilha ficou armazenada nos arquivos da Abin.<\/p>\n\n\n\n<p>\u00c0 \u00e9poca, a Abin era comandada pelo oficial de intelig\u00eancia Saulo Moura da Cunha. Depois disso, Moura passou a ocupar um cargo dentro do GSI no m\u00eas de abril. Ele foi nomeado chefe da Assessoria Especial de Planejamento e Assuntos Estrat\u00e9gicos. Moura pediu demiss\u00e3o em 1\u00b0 de junho.<\/p>\n\n\n\n<p>J\u00e1 GDias pediu exonera\u00e7\u00e3o ainda no m\u00eas de abril, ap\u00f3s imagens das c\u00e2meras de seguran\u00e7a do Planalto gravadas durante os ataques serem divulgadas e mostrarem membros do GSI, inclusive GDias, dentro da sede durante a invas\u00e3o, em uma suposta a\u00e7\u00e3o colaborativa com os manifestantes.<\/p>\n\n\n\n<p><strong>SEGUNDO RELAT\u00d3RIO<\/strong><br>Os informes sobre os riscos do 8 de janeiro feitos pela Abin a GDias s\u00f3 chegaram ao Congresso em um novo documento enviado espontaneamente no m\u00eas de maio, quando o general j\u00e1 estava fora do comando do GSI. No documento, constam 11 alertas feitos a ele que haviam sido exclu\u00eddos do primeiro relat\u00f3rio.<\/p>\n\n\n\n<p>A minuta ainda mostra que as mensagens foram enviadas entre os dias 6 e 8 de janeiro, e que tr\u00eas delas foram encaminhados exclusivamente a GDias.<\/p>\n\n\n\n<p>Nelas, a Abin advertia que havia risco de invas\u00e3o ao Congresso por manifestantes armados e a\u00e7\u00f5es violentas em outros pr\u00e9dios da Esplanada.<\/p>\n\n\n\n<p>Ao comparar as duas minutas, tamb\u00e9m foi poss\u00edvel verificar que na primeira n\u00e3o consta parte dos informes enviados para a Secretaria de Seguran\u00e7a P\u00fablica do Distrito Federal, tamb\u00e9m via Whatsapp, sobre o risco do 8 de janeiro.<\/p>\n\n\n\n<p><strong>DEFESA<\/strong><br>Contatado pela Folha, o advogado de GDias, Andr\u00e9 Callegari, disse que n\u00e3o tem acesso a esses documentos. Tamb\u00e9m assinalou que o caso est\u00e1 sob sigilo.<\/p>\n\n\n\n<p>\u2013 H\u00e1 diversas investiga\u00e7\u00f5es em curso, em inst\u00e2ncias variadas, sobre o tema. O general tem respondido a todas as perguntas que lhe s\u00e3o feitas no \u00e2mbito das investiga\u00e7\u00f5es e n\u00e3o pode dar entrevistas neste momento \u2013 declarou Callegari.<\/p>\n\n\n\n<p>J\u00e1 Saulo Moura da Cunha, que foi questionado sobre quais foram as orienta\u00e7\u00f5es que ele recebeu do general \u00e0 \u00e9poca em que era chefe da Abin, disse que n\u00e3o pode se manifestar sobre o caso devido \u00e0 restri\u00e7\u00f5es legais.<\/p>\n\n\n\n<p>Tamb\u00e9m consultada, a Abin n\u00e3o quis se manifestar e disse que o tema seria tratado pelo Minist\u00e9rio da Casa Civil, chefiado por Rui Costa (PT-BA). J\u00e1 a Casa Civil disse que o caso deveria ser respondido pela Abin.<\/p>\n\n\n\n<p>Por fim, a Abin relaou que responde ao CCAI \u201cde forma exaustiva por meio de repasse ao GSI\u201d conforme determina a lei.<\/p>\n","protected":false},"excerpt":{"rendered":"<p>Ex-ministro chefe do GSI (Gabinete de Seguran\u00e7a Institucional) do governo Lula (PT), o general Gon\u00e7alves Dias deu ordens para que a Abin (Ag\u00eancia Brasileira de Intelig\u00eancia) n\u00e3o relatasse em documento enviado ao Congresso que ele foi alertado pelo \u00f3rg\u00e3o previamente sobre as amea\u00e7as de atentados no dia 8 de janeiro, em Bras\u00edlia. As informa\u00e7\u00f5es foram [&hellip;]<\/p>\n","protected":false},"author":2,"featured_media":16100,"comment_status":"open","ping_status":"open","sticky":false,"template":"","format":"standard","meta":[],"categories":[4],"tags":[],"_links":{"self":[{"href":"https:\/\/dgospel.com.br\/portal\/index.php\/wp-json\/wp\/v2\/posts\/16099"}],"collection":[{"href":"https:\/\/dgospel.com.br\/portal\/index.php\/wp-json\/wp\/v2\/posts"}],"about":[{"href":"https:\/\/dgospel.com.br\/portal\/index.php\/wp-json\/wp\/v2\/types\/post"}],"author":[{"embeddable":true,"href":"https:\/\/dgospel.com.br\/portal\/index.php\/wp-json\/wp\/v2\/users\/2"}],"replies":[{"embeddable":true,"href":"https:\/\/dgospel.com.br\/portal\/index.php\/wp-json\/wp\/v2\/comments?post=16099"}],"version-history":[{"count":1,"href":"https:\/\/dgospel.com.br\/portal\/index.php\/wp-json\/wp\/v2\/posts\/16099\/revisions"}],"predecessor-version":[{"id":16101,"href":"https:\/\/dgospel.com.br\/portal\/index.php\/wp-json\/wp\/v2\/posts\/16099\/revisions\/16101"}],"wp:featuredmedia":[{"embeddable":true,"href":"https:\/\/dgospel.com.br\/portal\/index.php\/wp-json\/wp\/v2\/media\/16100"}],"wp:attachment":[{"href":"https:\/\/dgospel.com.br\/portal\/index.php\/wp-json\/wp\/v2\/media?parent=16099"}],"wp:term":[{"taxonomy":"category","embeddable":true,"href":"https:\/\/dgospel.com.br\/portal\/index.php\/wp-json\/wp\/v2\/categories?post=16099"},{"taxonomy":"post_tag","embeddable":true,"href":"https:\/\/dgospel.com.br\/portal\/index.php\/wp-json\/wp\/v2\/tags?post=16099"}],"curies":[{"name":"wp","href":"https:\/\/api.w.org\/{rel}","templated":true}]}}