{"id":16102,"date":"2023-06-14T11:19:17","date_gmt":"2023-06-14T14:19:17","guid":{"rendered":"http:\/\/dgospel.com.br\/portal\/?p=16102"},"modified":"2023-06-14T11:19:18","modified_gmt":"2023-06-14T14:19:18","slug":"toffoli-rejeita-acao-e-mantem-restricao-de-liberdade-religiosa-a-ianomamis","status":"publish","type":"post","link":"https:\/\/dgospel.com.br\/portal\/index.php\/2023\/06\/14\/toffoli-rejeita-acao-e-mantem-restricao-de-liberdade-religiosa-a-ianomamis\/","title":{"rendered":"Toffoli rejeita a\u00e7\u00e3o e mant\u00e9m restri\u00e7\u00e3o de liberdade religiosa a ianom\u00e2mis"},"content":{"rendered":"\n<p>Sem analisar o m\u00e9rito, o ministro Dias Toffoli, do Supremo Tribunal Federal (STF), rejeitou&nbsp;<strong><a href=\"https:\/\/revistaoeste.com\/politica\/ianomamis-podemos-tenta-suspender-portaria-que-restringe-liberdade-religiosa\/\" target=\"_blank\" rel=\"noreferrer noopener\">a A\u00e7\u00e3o Direta de Inconstitucionalidade (ADI) ajuizada pelo Podemos<\/a><\/strong>&nbsp;para tentar derrubar uma portaria do governo Lula que restringe a liberdade religiosa em terras ianom\u00e2mis.<\/p>\n\n\n\n<p>Publicada em 30 de janeiro, a portaria da Funda\u00e7\u00e3o Nacional dos Povos Ind\u00edgenas (Funai) tornou \u201cterminantemente proibido o exerc\u00edcio de quaisquer atividades religiosas com os povos ind\u00edgenas, bem como o uso de roupas com imagens ou express\u00f5es religiosas\u201d. Para o Podemos, a proibi\u00e7\u00e3o afronta a Constitui\u00e7\u00e3o Federal, que estabelece para todos os brasileiros, ind\u00edgenas ou n\u00e3o, a liberdade religiosa.<\/p>\n\n\n\n<p>Para Toffoli, no entanto, que n\u00e3o analisou o m\u00e9rito do pedido, a portaria n\u00e3o regulamenta diretamente dispositivos constitucionais e, por isso, n\u00e3o pode ter sua constitucionalidade analisada pelo STF. Isso porque, segundo ele, a portaria \u00e9 fundamentada em outra portaria, a que declarou a emerg\u00eancia de sa\u00fade na terra ind\u00edgena.<\/p>\n\n\n\n<p>\u201cNessa qualidade, a norma questionada configura ato normativo de natureza secund\u00e1ria, n\u00e3o regulando diretamente dispositivos constitucionais. Em verdade, nem sequer se reveste de car\u00e1ter normativo, pois n\u00e3o \u00e9 dotada dos caracteres da generalidade, abstratividade e imperatividade, t\u00e3o somente regulando situa\u00e7\u00e3o concreta espec\u00edfica, o que n\u00e3o \u00e9 pass\u00edvel de impugna\u00e7\u00e3o pela via da a\u00e7\u00e3o direta de inconstitucionalidade\u201d, escreveu o ministro, ao rejeitar a a\u00e7\u00e3o.<\/p>\n\n\n\n<p>A portar, al\u00e9m de proibir a liberdade religiosa, tamb\u00e9m faz uma s\u00e9rie de exig\u00eancias e proibi\u00e7\u00f5es para quem tiver contato com os ianom\u00e2mis. Quem chegar \u00e0 terra ind\u00edgena deve ter esquema de vacina\u00e7\u00e3o completo contra covid-19 e outras doen\u00e7as, n\u00e3o pode levar armas, bebidas alco\u00f3licas, drogas, alimentos com alto teor de gordura ou a\u00e7\u00facar nem uma s\u00e9rie de outras restri\u00e7\u00f5es.<\/p>\n\n\n\n<p>No Congresso, o senador Carlos Viana (Podemos-MG) apresentou Projeto de Decreto Legislativo (<strong><a href=\"https:\/\/legis.senado.leg.br\/sdleg-getter\/documento?dm=9255416&amp;ts=1675950102560&amp;disposition=inline\" target=\"_blank\" rel=\"noreferrer noopener\">PDL 30\/2023<\/a><\/strong>) para sustar dois itens da portaria \u2014 justamente os que tratam da liberdade religiosa. \u201cEm face do ordenamento jur\u00eddico p\u00e1trio, todas as recomenda\u00e7\u00f5es e as proibi\u00e7\u00f5es que subjuguem o exerc\u00edcio da liberdade e do proselitismo religiosos s\u00e3o inconstitucionais, e, portanto, merecedoras de reprimenda e rejei\u00e7\u00e3o\u201d, escreveu o senador, na justificativa do projeto. O PDL aguarda designa\u00e7\u00e3o de relator, de acordo com o site do Senado.<\/p>\n","protected":false},"excerpt":{"rendered":"<p>Sem analisar o m\u00e9rito, o ministro Dias Toffoli, do Supremo Tribunal Federal (STF), rejeitou&nbsp;a A\u00e7\u00e3o Direta de Inconstitucionalidade (ADI) ajuizada pelo Podemos&nbsp;para tentar derrubar uma portaria do governo Lula que restringe a liberdade religiosa em terras ianom\u00e2mis. Publicada em 30 de janeiro, a portaria da Funda\u00e7\u00e3o Nacional dos Povos Ind\u00edgenas (Funai) tornou \u201cterminantemente proibido o [&hellip;]<\/p>\n","protected":false},"author":2,"featured_media":16103,"comment_status":"open","ping_status":"open","sticky":false,"template":"","format":"standard","meta":[],"categories":[5],"tags":[],"_links":{"self":[{"href":"https:\/\/dgospel.com.br\/portal\/index.php\/wp-json\/wp\/v2\/posts\/16102"}],"collection":[{"href":"https:\/\/dgospel.com.br\/portal\/index.php\/wp-json\/wp\/v2\/posts"}],"about":[{"href":"https:\/\/dgospel.com.br\/portal\/index.php\/wp-json\/wp\/v2\/types\/post"}],"author":[{"embeddable":true,"href":"https:\/\/dgospel.com.br\/portal\/index.php\/wp-json\/wp\/v2\/users\/2"}],"replies":[{"embeddable":true,"href":"https:\/\/dgospel.com.br\/portal\/index.php\/wp-json\/wp\/v2\/comments?post=16102"}],"version-history":[{"count":1,"href":"https:\/\/dgospel.com.br\/portal\/index.php\/wp-json\/wp\/v2\/posts\/16102\/revisions"}],"predecessor-version":[{"id":16104,"href":"https:\/\/dgospel.com.br\/portal\/index.php\/wp-json\/wp\/v2\/posts\/16102\/revisions\/16104"}],"wp:featuredmedia":[{"embeddable":true,"href":"https:\/\/dgospel.com.br\/portal\/index.php\/wp-json\/wp\/v2\/media\/16103"}],"wp:attachment":[{"href":"https:\/\/dgospel.com.br\/portal\/index.php\/wp-json\/wp\/v2\/media?parent=16102"}],"wp:term":[{"taxonomy":"category","embeddable":true,"href":"https:\/\/dgospel.com.br\/portal\/index.php\/wp-json\/wp\/v2\/categories?post=16102"},{"taxonomy":"post_tag","embeddable":true,"href":"https:\/\/dgospel.com.br\/portal\/index.php\/wp-json\/wp\/v2\/tags?post=16102"}],"curies":[{"name":"wp","href":"https:\/\/api.w.org\/{rel}","templated":true}]}}