{"id":16105,"date":"2023-06-14T12:01:34","date_gmt":"2023-06-14T15:01:34","guid":{"rendered":"http:\/\/dgospel.com.br\/portal\/?p=16105"},"modified":"2023-06-14T12:01:36","modified_gmt":"2023-06-14T15:01:36","slug":"governador-wanderlei-barbosa-empossa-novos-procuradores-do-estado","status":"publish","type":"post","link":"https:\/\/dgospel.com.br\/portal\/index.php\/2023\/06\/14\/governador-wanderlei-barbosa-empossa-novos-procuradores-do-estado\/","title":{"rendered":"Governador Wanderlei Barbosa empossa novos procuradores do Estado"},"content":{"rendered":"\n<p>O governador do Tocantins, Wanderlei Barbosa, participou da posse dos cinco novos procuradores estaduais na manh\u00e3 desta ter\u00e7a-feira, 13, no audit\u00f3rio do Pal\u00e1cio Araguaia, aprovados no 3\u00ba Concurso da Procuradoria Geral do Estado (PGE), realizado em 2018. Acompanhado do procurador-geral do estado, Kledson de Moura Lima, os novos procuradores Alison Bernardino Farias, Fernanda da Fonseca Oliveira, Peterson Santa Rosa Sarmento, Ricardo Lima Souza e Wallace Gon\u00e7alves da Silva assinaram o documento durante a sess\u00e3o solene.<br><br>O evento contou com a presen\u00e7a das lideran\u00e7as do Minist\u00e9rio P\u00fablico Estadual (MPE-TO), o procurador-geral de Justi\u00e7a do Tocantins, Luciano Cesar Casaroti, do Tribunal de Justi\u00e7a (TJ-TO); a desembargadora Etelvina Maria Sampaio Felipe; e da Defensoria P\u00fablica (DPE-TO); a defensora p\u00fablica-geral do Tocantins, Estellamaris Postal.<br><br>\u201cN\u00f3s prezamos pelo trabalho dentro da seguran\u00e7a jur\u00eddica e \u00e9 isso que representa a posse desses novos procuradores. Temos uma durabilidade de mandato podendo ser reconduzidos ou n\u00e3o, ent\u00e3o nesse tempo, precisamos trabalhar pelo Tocantins\u201d, ressaltou o governador Wanderlei Barbosa ao cumprimentar os novos procuradores. \u201cVemos aqui pessoas preparadas para lidar com todos esses processos que n\u00f3s temos no nosso estado, a fim de ter uma boa rela\u00e7\u00e3o institucional, para fazer pareceres importantes da defesa do Estado, do apoio, do apelo jur\u00eddico que n\u00f3s buscamos. Queremos um estado que tenha base jur\u00eddica nos seus atos e eu tenho trabalhado desta forma\u201d, esclareceu e complementou: \u201ca alegria que n\u00f3s temos de trazer para os nossos quadros homens e mulheres com qualifica\u00e7\u00e3o para fazer um bom trabalho e manter o Tocantins no rumo jur\u00eddico das coisas\u201d, enfatizou.<br><br>Para o procurador-geral Kledson de Moura Lima, o refor\u00e7o no time de procuradores vem em um bom momento, visto que a PGE tem sido muito demandada nos \u00faltimos tempos. \u201cQuando a gente debate a situa\u00e7\u00e3o da cardiologia no Estado, por exemplo, n\u00e3o tomamos apenas um paciente, mas todo o servi\u00e7o. Nossa atua\u00e7\u00e3o tem uma abrang\u00eancia maior, complexa e profunda, o que faz com que a procuradoria tenha necessidade de investimentos. Investimentos que n\u00f3s encontramos amplo apoio na gest\u00e3o do governador Wanderlei Barbosa\u201d, afirmou.<br><br>\u201cO governador desde sempre fala na seguran\u00e7a jur\u00eddica. Desde a campanha, em todos os pronunciamentos, que n\u00f3s devemos cuidar de todos e implementar as pol\u00edticas, fazer cumprir o plano de governo com seguran\u00e7a jur\u00eddica. \u00c9 a\u00ed que entra a procuradoria. Em 2018 n\u00f3s \u00e9ramos 149 servidores. Hoje n\u00f3s somos 410. A procuradoria cresceu\u201d, destacou ainda Kledson de Moura, ao enumerar os trabalhos desenvolvidos pelo \u00f3rg\u00e3o frente \u00e0s atividades do Governo do Tocantins, sobretudo no programa de qualifica\u00e7\u00e3o de jovens por meio do\u00a0<em>Jovem Trabalhador<\/em>; no processo de digitaliza\u00e7\u00e3o dos servi\u00e7os p\u00fablicos e, por fim, na modelagem da venda do carbono jurisdicional dentro do programa\u00a0<em>REDD+ Tocantins<\/em>.<br><br><strong>Novos Procuradores<\/strong><br><br>Natural de Paragominas, no Par\u00e1, o procurador Alisson Bernardino Farias, de 28 anos, sentiu-se realizado com a posse e afirmou que, apesar da pouca idade, j\u00e1 possui uma carreira consolidada na \u00e1rea jur\u00eddica. \u201cHoje tenho um sentimento de realiza\u00e7\u00e3o pessoal e profissional, porque eu sempre quis galgar esse cargo, desde o in\u00edcio da minha forma\u00e7\u00e3o. Sempre busquei poder atuar na \u00e1rea de Procuradoria Geral do Estado, principalmente por ser algo importante dentro da estrutura do Estado. \u00c9 um \u00f3rg\u00e3o que presta assessoria extrajudicial pro estado, por meio de pareceres, ajudando na defini\u00e7\u00e3o de pol\u00edticas p\u00fablicas e tamb\u00e9m judicialmente quando est\u00e1 demandado, por quaisquer motivos\u201d, pontuou. Ele \u00e9 Graduado em Direito pela Universidade Federal do Par\u00e1, especialista em Direito P\u00fablico e Gest\u00e3o Financeira e foi Auditor de Controle Externo no TCE\/PA (2018\/2021) e Analista Judici\u00e1rio do TRF 1\u00aa Regi\u00e3o (2021\/2023).<br><br>A mineira Fernanda da Fonseca Oliveira, de 31 anos, tamb\u00e9m se diz realizada profissionalmente. \u201cFoi uma ben\u00e7\u00e3o de Deus em minha vida. Quando eu me formei em Direito, eu comecei a estudar para concursos de procuradorias e aqui foi um dos lugares que mais me encantou. Quando eu fui aprovada e fiquei na lista de espera, eu aguardava minha nomea\u00e7\u00e3o aqui, pois se tornou um sonho vir morar em Palmas. Eu me apaixonei por essa cidade no momento em que eu vim fazer a primeira e a segunda fase da prova\u201d, completou. Fernanda \u00e9 natural de Juiz de Fora (MG), fez Direito na Universidade Federal de Juiz de Fora, \u00e9 p\u00f3s-graduada em Direito Constitucional, foi procuradora do munic\u00edpio de Limeira (SP) por dois anos. Atualmente exercia a fun\u00e7\u00e3o de procuradora do munic\u00edpio de Juiz de Fora, sendo supervisora de \u00e1rea e atualmente gerente do Departamento de Contencioso.<br><br><strong>Perfil dos demais procuradores empossados<\/strong><br><br>Peterson Santa Rosa Sarmento: Natural de Tr\u00eas Rios\/RJ. Graduado em Administra\u00e7\u00e3o pela Funda\u00e7\u00e3o Federal de Ensino Superior de S\u00e3o Jo\u00e3o Del Rei (Atual UFSJ). MBA em Marketing pela FGV\/RJ. Graduado em Direito pela Universidade Federal de Minas Gerais (UFMG). P\u00f3s-graduado em Direito Constitucional pela Universidade C\u00e2ndido Mendes. Al\u00e9m de outras ocupa\u00e7\u00f5es, j\u00e1 foi T\u00e9cnico Judici\u00e1rio (2010 a 2015) e, posteriormente, Analista Judici\u00e1rio no Tribunal Regional do Trabalho da Terceira Regi\u00e3o (2015 a 2023).<br><br>Ricardo Lima Souza: Natural de Ca\u00e7u\/GO, graduado em Ci\u00eancias Biol\u00f3gicas pela UEG e Direito pelo Centro de Ensino Unificado de Bras\u00edlia (CEUB). P\u00f3s-graduado em Direito Penal em andamento pela Escola da Magistratura do Distrito Federal (ESMA-DF). No servi\u00e7o p\u00fablico j\u00e1 exerceu v\u00e1rias fun\u00e7\u00f5es: recenseador do IBGE, agente de sa\u00fade, escrevente judici\u00e1rio do TJGO, t\u00e9cnico do seguro social do INSS. Nos \u00faltimos 10 anos ocupou o cargo de auditor federal de finan\u00e7as e controle da CGU, com exerc\u00edcio na Corregedoria-Geral da Presid\u00eancia da Rep\u00fablica.<br><br>Wallace Gon\u00e7alves da Silva: Natural de Patos de Minas\/MG. Graduado em Direito pelo UNIPAM (Centro Universit\u00e1rio de Patos de Minas). P\u00f3s-graduado em Direito P\u00fablico pela Universidade Anhanguera-Uniderp, P\u00f3s-graduado em Direito Processual Civil pela Faculdade Venda Nova do Imigrante. P\u00f3s-graduado em Advocacia P\u00fablica pela Unimais. Foi oficial do Minist\u00e9rio P\u00fablico do Estado de Minas Gerais por 15 anos (2008 a 2023).<\/p>\n\n\n\n<p><img src=\"https:\/\/central.to.gov.br\/image\/334058?w=670&amp;h=383\"><\/p>\n\n\n\n<p>A mineira Fernanda da Fonseca Oliveira, de 31 anos, tamb\u00e9m se diz realizada profissionalmente com a posse na Procuradoria Geral do Estado (PGE) &#8211; Fred Borges\/Governo do Tocantins<\/p>\n\n\n\n<p><img src=\"https:\/\/central.to.gov.br\/image\/334057?w=670&amp;h=383\"><\/p>\n\n\n\n<p>Natural de Paragominas, no Par\u00e1, o procurador Alisson Bernardino Farias, de 28 anos, se sentiu realizado com a posse e afirmou que, apesar da pouca idade, j\u00e1 possui uma carreira consolidada na \u00e1rea jur\u00eddica &#8211; Fred Borges\/Governo do Tocantins\u00a0<\/p>\n\n\n\n<p><img src=\"https:\/\/central.to.gov.br\/image\/334056?w=670&amp;h=383\"><\/p>\n\n\n\n<p>O evento contou com a presen\u00e7a de lideran\u00e7as do Minist\u00e9rio P\u00fablico, do Tribunal de Justi\u00e7a, e da Defensoria P\u00fablica &#8211; Antonio Gon\u00e7alves\/Governo do Tocantins<\/p>\n\n\n\n<p><img src=\"https:\/\/central.to.gov.br\/image\/334054?w=670&amp;h=383\"><\/p>\n\n\n\n<p>Governador Wanderlei Barbosa ressaltou que os novos procuradores s\u00e3o pessoas preparadas para lidar com todos os processos que tramitam no Estado &#8211; Antonio Gon\u00e7alves\/Governo do Tocantins\u00a0<\/p>\n","protected":false},"excerpt":{"rendered":"<p>O governador do Tocantins, Wanderlei Barbosa, participou da posse dos cinco novos procuradores estaduais na manh\u00e3 desta ter\u00e7a-feira, 13, no audit\u00f3rio do Pal\u00e1cio Araguaia, aprovados no 3\u00ba Concurso da Procuradoria Geral do Estado (PGE), realizado em 2018. Acompanhado do procurador-geral do estado, Kledson de Moura Lima, os novos procuradores Alison Bernardino Farias, Fernanda da Fonseca [&hellip;]<\/p>\n","protected":false},"author":2,"featured_media":16106,"comment_status":"open","ping_status":"open","sticky":false,"template":"","format":"standard","meta":[],"categories":[3],"tags":[13],"_links":{"self":[{"href":"https:\/\/dgospel.com.br\/portal\/index.php\/wp-json\/wp\/v2\/posts\/16105"}],"collection":[{"href":"https:\/\/dgospel.com.br\/portal\/index.php\/wp-json\/wp\/v2\/posts"}],"about":[{"href":"https:\/\/dgospel.com.br\/portal\/index.php\/wp-json\/wp\/v2\/types\/post"}],"author":[{"embeddable":true,"href":"https:\/\/dgospel.com.br\/portal\/index.php\/wp-json\/wp\/v2\/users\/2"}],"replies":[{"embeddable":true,"href":"https:\/\/dgospel.com.br\/portal\/index.php\/wp-json\/wp\/v2\/comments?post=16105"}],"version-history":[{"count":1,"href":"https:\/\/dgospel.com.br\/portal\/index.php\/wp-json\/wp\/v2\/posts\/16105\/revisions"}],"predecessor-version":[{"id":16107,"href":"https:\/\/dgospel.com.br\/portal\/index.php\/wp-json\/wp\/v2\/posts\/16105\/revisions\/16107"}],"wp:featuredmedia":[{"embeddable":true,"href":"https:\/\/dgospel.com.br\/portal\/index.php\/wp-json\/wp\/v2\/media\/16106"}],"wp:attachment":[{"href":"https:\/\/dgospel.com.br\/portal\/index.php\/wp-json\/wp\/v2\/media?parent=16105"}],"wp:term":[{"taxonomy":"category","embeddable":true,"href":"https:\/\/dgospel.com.br\/portal\/index.php\/wp-json\/wp\/v2\/categories?post=16105"},{"taxonomy":"post_tag","embeddable":true,"href":"https:\/\/dgospel.com.br\/portal\/index.php\/wp-json\/wp\/v2\/tags?post=16105"}],"curies":[{"name":"wp","href":"https:\/\/api.w.org\/{rel}","templated":true}]}}