{"id":16108,"date":"2023-06-14T12:05:21","date_gmt":"2023-06-14T15:05:21","guid":{"rendered":"http:\/\/dgospel.com.br\/portal\/?p=16108"},"modified":"2023-06-14T12:05:22","modified_gmt":"2023-06-14T15:05:22","slug":"wanderlei-barbosa-lanca-oficialmente-temporada-de-praia-2023-e-ressalta-que-apoiar-os-municipios-e-primordial-para-fomentar-o-turismo","status":"publish","type":"post","link":"https:\/\/dgospel.com.br\/portal\/index.php\/2023\/06\/14\/wanderlei-barbosa-lanca-oficialmente-temporada-de-praia-2023-e-ressalta-que-apoiar-os-municipios-e-primordial-para-fomentar-o-turismo\/","title":{"rendered":"Wanderlei Barbosa lan\u00e7a oficialmente Temporada de Praia 2023 e ressalta que apoiar os munic\u00edpios \u00e9 primordial para fomentar o turismo"},"content":{"rendered":"\n<p>Em uma solenidade no Pal\u00e1cio Araguaia, em Palmas, o governador do Tocantins, Wanderlei Barbosa, lan\u00e7ou nesta ter\u00e7a-feira, 13, a programa\u00e7\u00e3o oficial da Temporada de Praia 2023. O evento contou com a presen\u00e7a de prefeitos, deputados e secret\u00e1rios de Estado, al\u00e9m de outras autoridades. \u201cEste ano iremos ter uma intensa Temporada de Praia. N\u00f3s temos um estado rico em turismo a ser explorado em diversos cantos do Tocantins. Os munic\u00edpios podem contar com a gente para a realiza\u00e7\u00e3o de uma boa temporada de praia, trazendo alegria para o povo do nosso Estado\u201d, ressaltou o Chefe do Executivo.&nbsp;<\/p>\n\n\n\n<p>Inicialmente, 42 munic\u00edpios ser\u00e3o contemplados pelo Governo do Tocantins para receber a transfer\u00eancia de recursos para implantar infraestrutura padr\u00e3o nas praias conforme sua categoria (A, B, C e D). Haver\u00e1 tamb\u00e9m a capacita\u00e7\u00e3o e qualifica\u00e7\u00e3o dos prestadores de servi\u00e7os, al\u00e9m da identifica\u00e7\u00e3o do perfil dos turistas. \u00c9 importante destacar que as praias s\u00e3o categorizadas conforme volume no fluxo do p\u00fablico e movimenta\u00e7\u00e3o financeira.<\/p>\n\n\n\n<p>O secret\u00e1rio de Turismo (Setur), Hercy Ayres, afirmou que o principal objetivo da pasta, com o apoio do governador Wanderlei Barbosa, \u00e9 consolidar a Temporada de Praia do Tocantins com um destino de f\u00e9rias para todos os brasileiros. \u201cO que n\u00f3s estamos fazendo aqui no Tocantins, al\u00e9m de dar condi\u00e7\u00f5es para pessoas confraternizarem com seus familiares e amigos, \u00e9 tamb\u00e9m focar em movimentar a nossa economia. Assim como o Carnaval \u00e9 destino tur\u00edstico no Rio de Janeiro, e demais estados com a sua cultura, n\u00f3s queremos consolidar o m\u00eas de julho como a op\u00e7\u00e3o para que o turismo brasileiro possa ter o Tocantins como o seu destino para f\u00e9rias durante a nossa Temporada de Praias\u201d, refor\u00e7ou.<\/p>\n\n\n\n<p><strong>Prefeitos presentes&nbsp;<\/strong><\/p>\n\n\n\n<p>O Governador Wanderlei Barbosa convidou para o evento prefeitos que representam as regi\u00f5es do Cant\u00e3o, Serra Gerais, Ilha do Bananal, Jalap\u00e3o, Bico do Papagaio, Serras e Lagos e Vale dos Grandes Rios para realizar a assinatura dos Termos de Ades\u00e3o dos munic\u00edpios da Temporada de Praia 2023.&nbsp;<\/p>\n\n\n\n<p>O prefeito de Araguacema, Marcus Vinicius, relatou que a ajuda do Governo do Tocantins \u00e9 primordial para a realiza\u00e7\u00e3o da programa\u00e7\u00e3o de f\u00e9rias no munic\u00edpio. \u201cA temporada de praia para n\u00f3s \u00e9 muito importante, principalmente para o fortalecimento da economia local. Essa ajuda do Estado \u00e9 de suma import\u00e2ncia, pois somos munic\u00edpios pequenos, e apesar de termos nossas belezas naturais, tudo demanda de muito recurso para conseguir estrutura. A gente, sozinho, n\u00e3o d\u00e1 conta, ent\u00e3o essa parceria do Governo do Tocantins nos possibilita montar toda estrutura de praia\u201d, pontuou.&nbsp;<\/p>\n\n\n\n<p>A prefeita de Buriti do Tocantins, Lucilene Brito, ressaltou a satisfa\u00e7\u00e3o em estar presente no evento e ser um dos munic\u00edpios contemplados com a parceria do Governo do Tocantins. \u201cEu estou muito feliz em saber que o nosso governador est\u00e1 fazendo essa parceria conosco e com todas as cidades que t\u00eam temporada de praia. Para mim \u00e9 uma alegria imensa, j\u00e1 que h\u00e1 tr\u00eas anos que n\u00e3o temos e iremos retornar esse ano. A nossa popula\u00e7\u00e3o e, principalmente, os jovens, est\u00e3o todos ansiosos por essa temporada de praia\u201d, destacou.<\/p>\n\n\n\n<p>Durante a cerim\u00f4nia foi realizada uma palestra com a tem\u00e1tica: \u00a0<em>O turismo como indutor do desenvolvimento econ\u00f4mico municipal<\/em>, ministrada pelo turism\u00f3logo Maicon Dimbarre. A Secretaria de Turismo tamb\u00e9m apresentou toda campanha com o material de divulga\u00e7\u00e3o que ser\u00e1 utilizado no decorrer da temporada de 2023.\u00a0<\/p>\n\n\n\n<p><img src=\"https:\/\/central.to.gov.br\/image\/334078?w=670&amp;h=383\"><\/p>\n\n\n\n<p>Ao todo, 42 munic\u00edpios ser\u00e3o contemplados pelo Governo do Tocantins para receber a transfer\u00eancia de recursos para implantar infraestrutura padr\u00e3o nas praias conforme sua categoria &#8211; Loise Maria\/Governo do Tocantins\u00a0<\/p>\n\n\n\n<p><img src=\"https:\/\/central.to.gov.br\/image\/334079?w=670&amp;h=383\"><\/p>\n\n\n\n<p>O secret\u00e1rio da Setur, Hercy Ayres, afirmou que o principal objetivo da pasta, com o apoio do governador, \u00e9 consolidar a Temporada de Praia do Tocantins com um destino de f\u00e9rias dos brasileiros &#8211; Loise Maria\/Governo do Tocantins\u00a0<\/p>\n\n\n\n<p><img src=\"https:\/\/central.to.gov.br\/image\/334080?w=670&amp;h=383\"><\/p>\n\n\n\n<p>O Governador Wanderlei Barbosa convidou para o evento prefeitos que representam munic\u00edpios com temporada de praia &#8211; Aldivan Nogueira\/Governo do Tocantins\u00a0<\/p>\n\n\n\n<p><img src=\"https:\/\/central.to.gov.br\/image\/334081?w=670&amp;h=383\"><\/p>\n\n\n\n<p>O prefeito de Araguacema, Marcus Vinicius, relatou que a ajuda do Governo do Tocantins \u00e9 primordial para a realiza\u00e7\u00e3o da programa\u00e7\u00e3o de f\u00e9rias no munic\u00edpio &#8211; Loise Maria\/Governo do Tocantins\u00a0<\/p>\n\n\n\n<p><img src=\"https:\/\/central.to.gov.br\/image\/334082?w=670&amp;h=383\"><\/p>\n\n\n\n<p>A prefeita de Buriti do Tocantins, Lucilene Brito, ressaltou a satisfa\u00e7\u00e3o em estar presente no evento e ser um dos munic\u00edpios contemplados com a parceria do Governo do Tocantins &#8211; Loise Maria\/Governo do Tocantins\u00a0<\/p>\n","protected":false},"excerpt":{"rendered":"<p>Em uma solenidade no Pal\u00e1cio Araguaia, em Palmas, o governador do Tocantins, Wanderlei Barbosa, lan\u00e7ou nesta ter\u00e7a-feira, 13, a programa\u00e7\u00e3o oficial da Temporada de Praia 2023. O evento contou com a presen\u00e7a de prefeitos, deputados e secret\u00e1rios de Estado, al\u00e9m de outras autoridades. \u201cEste ano iremos ter uma intensa Temporada de Praia. N\u00f3s temos um [&hellip;]<\/p>\n","protected":false},"author":2,"featured_media":16109,"comment_status":"open","ping_status":"open","sticky":false,"template":"","format":"standard","meta":[],"categories":[3],"tags":[13],"_links":{"self":[{"href":"https:\/\/dgospel.com.br\/portal\/index.php\/wp-json\/wp\/v2\/posts\/16108"}],"collection":[{"href":"https:\/\/dgospel.com.br\/portal\/index.php\/wp-json\/wp\/v2\/posts"}],"about":[{"href":"https:\/\/dgospel.com.br\/portal\/index.php\/wp-json\/wp\/v2\/types\/post"}],"author":[{"embeddable":true,"href":"https:\/\/dgospel.com.br\/portal\/index.php\/wp-json\/wp\/v2\/users\/2"}],"replies":[{"embeddable":true,"href":"https:\/\/dgospel.com.br\/portal\/index.php\/wp-json\/wp\/v2\/comments?post=16108"}],"version-history":[{"count":1,"href":"https:\/\/dgospel.com.br\/portal\/index.php\/wp-json\/wp\/v2\/posts\/16108\/revisions"}],"predecessor-version":[{"id":16110,"href":"https:\/\/dgospel.com.br\/portal\/index.php\/wp-json\/wp\/v2\/posts\/16108\/revisions\/16110"}],"wp:featuredmedia":[{"embeddable":true,"href":"https:\/\/dgospel.com.br\/portal\/index.php\/wp-json\/wp\/v2\/media\/16109"}],"wp:attachment":[{"href":"https:\/\/dgospel.com.br\/portal\/index.php\/wp-json\/wp\/v2\/media?parent=16108"}],"wp:term":[{"taxonomy":"category","embeddable":true,"href":"https:\/\/dgospel.com.br\/portal\/index.php\/wp-json\/wp\/v2\/categories?post=16108"},{"taxonomy":"post_tag","embeddable":true,"href":"https:\/\/dgospel.com.br\/portal\/index.php\/wp-json\/wp\/v2\/tags?post=16108"}],"curies":[{"name":"wp","href":"https:\/\/api.w.org\/{rel}","templated":true}]}}