{"id":16114,"date":"2023-06-14T14:59:34","date_gmt":"2023-06-14T17:59:34","guid":{"rendered":"http:\/\/dgospel.com.br\/portal\/?p=16114"},"modified":"2023-06-14T14:59:35","modified_gmt":"2023-06-14T17:59:35","slug":"para-nogueira-gdias-ficar-fora-de-cpmi-e-confissao-de-culpa","status":"publish","type":"post","link":"https:\/\/dgospel.com.br\/portal\/index.php\/2023\/06\/14\/para-nogueira-gdias-ficar-fora-de-cpmi-e-confissao-de-culpa\/","title":{"rendered":"Para Nogueira, GDias ficar fora de CPMI \u00e9 confiss\u00e3o de culpa"},"content":{"rendered":"\n<p>O senador Ciro Nogueira (PP-PI) reproduziu, nesta quarta-feira (14), uma fala do jornalista Paulo Cappelli defendendo que \u201ca articula\u00e7\u00e3o governista para impedir o depoimento do general Gon\u00e7alves Dias na CPMI do 8 de Janeiro soa como confiss\u00e3o de culpa.\u201d Para Ciro, o governo Lula (PT) \u201ctem medo da verdade\u201d.<\/p>\n\n\n\n<p>Em coluna publicada no portal Metr\u00f3poles, Cappelli avaliou que \u201co resultado da vota\u00e7\u00e3o deixa no ar a sensa\u00e7\u00e3o de que o governo tem algo a esconder\u201d.<\/p>\n\n\n\n<p>Isso porque, na vota\u00e7\u00e3o da \u00faltima ter\u00e7a-feira (13), a CPMI rejeitou a convoca\u00e7\u00e3o do ex-ministro do Gabinete de Seguran\u00e7a Institucional (GSI) de Lula, Gon\u00e7alves Dias, embora o general esteja&nbsp;<a href=\"https:\/\/pleno.news\/brasil\/politica-nacional\/gdias-mandou-esconder-do-congresso-alertas-da-abin-sobre-8-1.html\" target=\"_blank\" rel=\"noreferrer noopener\">no centro de diversas pol\u00eamicas envolvendo os atos de 8 de janeiro<\/a>.<\/p>\n\n\n\n<p>Cappelli lembrou que era GDias o respons\u00e1vel por comandar o GSI no dia da invas\u00e3o das sedes dos Tr\u00eas Poderes e que, antes de pedir exonera\u00e7\u00e3o do cargo, ordenou que a Abin escondesse do Congresso os diversos alertas que ele recebeu envolvendo o risco de atentado.<\/p>\n\n\n\n<p>\u2013 A convoca\u00e7\u00e3o dos bolsonaristas Anderson Torres e Mauro Cid e a benevol\u00eancia em rela\u00e7\u00e3o a Dias mostram efici\u00eancia de parlamentares da base na blindagem ao governo. Mas escancaram para a sociedade que a CPMI, composta em sua maioria por aliados de Lula, ter\u00e1 alvos seletivos \u2013 assinalou Cappelli.<\/p>\n","protected":false},"excerpt":{"rendered":"<p>O senador Ciro Nogueira (PP-PI) reproduziu, nesta quarta-feira (14), uma fala do jornalista Paulo Cappelli defendendo que \u201ca articula\u00e7\u00e3o governista para impedir o depoimento do general Gon\u00e7alves Dias na CPMI do 8 de Janeiro soa como confiss\u00e3o de culpa.\u201d Para Ciro, o governo Lula (PT) \u201ctem medo da verdade\u201d. Em coluna publicada no portal Metr\u00f3poles, [&hellip;]<\/p>\n","protected":false},"author":2,"featured_media":16115,"comment_status":"open","ping_status":"open","sticky":false,"template":"","format":"standard","meta":[],"categories":[4],"tags":[],"_links":{"self":[{"href":"https:\/\/dgospel.com.br\/portal\/index.php\/wp-json\/wp\/v2\/posts\/16114"}],"collection":[{"href":"https:\/\/dgospel.com.br\/portal\/index.php\/wp-json\/wp\/v2\/posts"}],"about":[{"href":"https:\/\/dgospel.com.br\/portal\/index.php\/wp-json\/wp\/v2\/types\/post"}],"author":[{"embeddable":true,"href":"https:\/\/dgospel.com.br\/portal\/index.php\/wp-json\/wp\/v2\/users\/2"}],"replies":[{"embeddable":true,"href":"https:\/\/dgospel.com.br\/portal\/index.php\/wp-json\/wp\/v2\/comments?post=16114"}],"version-history":[{"count":1,"href":"https:\/\/dgospel.com.br\/portal\/index.php\/wp-json\/wp\/v2\/posts\/16114\/revisions"}],"predecessor-version":[{"id":16116,"href":"https:\/\/dgospel.com.br\/portal\/index.php\/wp-json\/wp\/v2\/posts\/16114\/revisions\/16116"}],"wp:featuredmedia":[{"embeddable":true,"href":"https:\/\/dgospel.com.br\/portal\/index.php\/wp-json\/wp\/v2\/media\/16115"}],"wp:attachment":[{"href":"https:\/\/dgospel.com.br\/portal\/index.php\/wp-json\/wp\/v2\/media?parent=16114"}],"wp:term":[{"taxonomy":"category","embeddable":true,"href":"https:\/\/dgospel.com.br\/portal\/index.php\/wp-json\/wp\/v2\/categories?post=16114"},{"taxonomy":"post_tag","embeddable":true,"href":"https:\/\/dgospel.com.br\/portal\/index.php\/wp-json\/wp\/v2\/tags?post=16114"}],"curies":[{"name":"wp","href":"https:\/\/api.w.org\/{rel}","templated":true}]}}