{"id":16129,"date":"2023-06-15T12:50:41","date_gmt":"2023-06-15T15:50:41","guid":{"rendered":"http:\/\/dgospel.com.br\/portal\/?p=16129"},"modified":"2023-06-15T12:50:43","modified_gmt":"2023-06-15T15:50:43","slug":"cristiano-zanin-almoca-com-bispos-da-assembleia-de-deus","status":"publish","type":"post","link":"https:\/\/dgospel.com.br\/portal\/index.php\/2023\/06\/15\/cristiano-zanin-almoca-com-bispos-da-assembleia-de-deus\/","title":{"rendered":"Cristiano Zanin almo\u00e7a com bispos da Assembleia de Deus"},"content":{"rendered":"\n<p>O advogado Cristiano Zanin, indicado de Lula ao Supremo Tribunal Federal (STF), teve um s\u00e9rie de compromissos em seu segundo dia de visitas aos gabinetes dos senadores, nesta quarta-feira (14). Como parte de sua campanha pr\u00e9-sabatina, o advogado almo\u00e7ou com parlamentares da bancada evang\u00e9lica no Senado, al\u00e9m dos bispos Abner Santiago, l\u00edder da Assembleia de Deus de Madureira, e Samuel Ferreira, presidente da Conven\u00e7\u00e3o Nacional das Assembleias de Deus no Brasil.<\/p>\n\n\n\n<p>O almo\u00e7o ocorreu na Assembleia de Deus de Madureira, na Asa Sul, em Bras\u00edlia, e foi organizado pelo deputado federal Cezinha de Madureira (PSD-SP), ex-presidente da Frente Parlamentar Evang\u00e9lica. Cezinha tem atuado como uma ponte entre o advogado e os evang\u00e9licos.<\/p>\n\n\n\n<p>O encontro durou cerca de duas horas. Dentre os parlamentares evang\u00e9licos presentes, estava Damares Alves (Republicanos-DF).<\/p>\n\n\n\n<p>Ao falar sobre a reuni\u00e3o, a senadora disse ter gostado do Zanin, mas ressaltou que manter\u00e1 seu voto contra a indica\u00e7\u00e3o dele para a Suprema Corte.<\/p>\n\n\n\n<p>\u2013 A reuni\u00e3o foi importante para que eu o conhecesse, para que ele tamb\u00e9m me conhecesse e um pouco de minhas causas. Gostei dele. Me despertou muita empatia. Mas ainda mantenho meu voto \u2013 declarou a senadora e ex-ministra.<\/p>\n\n\n\n<p>A sabatina do escolhido por Lula na Comiss\u00e3o de Constitui\u00e7\u00e3o e Justi\u00e7a (CCJ) do Senado est\u00e1 marcada para acontecer no pr\u00f3ximo dia 21 de junho.<\/p>\n","protected":false},"excerpt":{"rendered":"<p>O advogado Cristiano Zanin, indicado de Lula ao Supremo Tribunal Federal (STF), teve um s\u00e9rie de compromissos em seu segundo dia de visitas aos gabinetes dos senadores, nesta quarta-feira (14). Como parte de sua campanha pr\u00e9-sabatina, o advogado almo\u00e7ou com parlamentares da bancada evang\u00e9lica no Senado, al\u00e9m dos bispos Abner Santiago, l\u00edder da Assembleia de [&hellip;]<\/p>\n","protected":false},"author":2,"featured_media":16130,"comment_status":"open","ping_status":"open","sticky":false,"template":"","format":"standard","meta":[],"categories":[4],"tags":[],"_links":{"self":[{"href":"https:\/\/dgospel.com.br\/portal\/index.php\/wp-json\/wp\/v2\/posts\/16129"}],"collection":[{"href":"https:\/\/dgospel.com.br\/portal\/index.php\/wp-json\/wp\/v2\/posts"}],"about":[{"href":"https:\/\/dgospel.com.br\/portal\/index.php\/wp-json\/wp\/v2\/types\/post"}],"author":[{"embeddable":true,"href":"https:\/\/dgospel.com.br\/portal\/index.php\/wp-json\/wp\/v2\/users\/2"}],"replies":[{"embeddable":true,"href":"https:\/\/dgospel.com.br\/portal\/index.php\/wp-json\/wp\/v2\/comments?post=16129"}],"version-history":[{"count":1,"href":"https:\/\/dgospel.com.br\/portal\/index.php\/wp-json\/wp\/v2\/posts\/16129\/revisions"}],"predecessor-version":[{"id":16131,"href":"https:\/\/dgospel.com.br\/portal\/index.php\/wp-json\/wp\/v2\/posts\/16129\/revisions\/16131"}],"wp:featuredmedia":[{"embeddable":true,"href":"https:\/\/dgospel.com.br\/portal\/index.php\/wp-json\/wp\/v2\/media\/16130"}],"wp:attachment":[{"href":"https:\/\/dgospel.com.br\/portal\/index.php\/wp-json\/wp\/v2\/media?parent=16129"}],"wp:term":[{"taxonomy":"category","embeddable":true,"href":"https:\/\/dgospel.com.br\/portal\/index.php\/wp-json\/wp\/v2\/categories?post=16129"},{"taxonomy":"post_tag","embeddable":true,"href":"https:\/\/dgospel.com.br\/portal\/index.php\/wp-json\/wp\/v2\/tags?post=16129"}],"curies":[{"name":"wp","href":"https:\/\/api.w.org\/{rel}","templated":true}]}}