{"id":1614,"date":"2018-10-17T16:14:05","date_gmt":"2018-10-17T19:14:05","guid":{"rendered":"http:\/\/dgospel.com.br\/portal\/?p=1614"},"modified":"2018-10-17T16:14:05","modified_gmt":"2018-10-17T19:14:05","slug":"banco-central-aponta-a-educacao-financeira-do-tocantins-como-referencia-para-o-brasil","status":"publish","type":"post","link":"https:\/\/dgospel.com.br\/portal\/index.php\/2018\/10\/17\/banco-central-aponta-a-educacao-financeira-do-tocantins-como-referencia-para-o-brasil\/","title":{"rendered":"Banco Central aponta a Educa\u00e7\u00e3o Financeira do Tocantins como refer\u00eancia para o Brasil"},"content":{"rendered":"<p>\u201cViemos ao Tocantins conhecer essa experi\u00eancia exitosa da Educa\u00e7\u00e3o Financeira que est\u00e1 sendo desenvolvida nas escolas, saber o que levou o Estado a alcan\u00e7ar esse sucesso e conhecer o caminho que foi percorrido\u201d, disse Maur\u00edcio Costa de Moura, diretor do Banco Central do Brasil.<\/p>\n<p>Maur\u00edcio, juntamente com Lu\u00eds Gustavo Mansur Siqueira, chefe de departamento, e Paola Ono Martins Teixeira Netto, coordenadora do departamento de promo\u00e7\u00e3o financeira do Banco Central do Brasil, vieram ao Tocantins nessa ter\u00e7a-feira, 16, conhecer como a Secretaria de Estado da Educa\u00e7\u00e3o, Juventude e Esportes (Seduc) desenvolve o programa de Educa\u00e7\u00e3o Financeira nas escolas.<\/p>\n<p>Eles foram recebidos pelo subsecret\u00e1rio da Educa\u00e7\u00e3o, Robson Vila Nova e, em seguida, participaram de uma reuni\u00e3o com a equipe da Educa\u00e7\u00e3o Financeira da Seduc, que contou ainda com a participa\u00e7\u00e3o de diretores regionais de Educa\u00e7\u00e3o, gestores escolares, professores e alunos.<\/p>\n<p>O programa\u00a0<em>Educa\u00e7\u00e3o Financeira nas Escolas<\/em>\u00a0\u00e9 desenvolvido no Tocantins desde 2010. Inicialmente, foi implantado em seis unidades escolares. Atualmente, s\u00e3o 408 escolas que adotam o programa, com 777 professores envolvidos, 15 multiplicadores, contemplando mais de 154 mil alunos.<\/p>\n<p>O subsecret\u00e1rio Robson lembrou que o programa \u00e9 desenvolvido por uma equipe que atua interligada \u00e0s Diretorias Regionais de Educa\u00e7\u00e3o. \u201cO Estado investiu com a forma\u00e7\u00e3o de professores, dos multiplicadores, com a reprodu\u00e7\u00e3o do material did\u00e1tico e com a divulga\u00e7\u00e3o das experi\u00eancias de sucesso. Esse conjunto de fatores, aliado ao desejo do professor de preparar o aluno para a vida, foi respons\u00e1vel pelo crescente interesse pela Educa\u00e7\u00e3o Financeira e pelo sucesso de suas a\u00e7\u00f5es\u201d, explicou.<\/p>\n<p>Maur\u00edcio Costa de Moura esclareceu que pretende levar adiante o programa de Educa\u00e7\u00e3o Financeira pelo pa\u00eds. \u201cA Educa\u00e7\u00e3o Financeira acontece de fato nas salas de aula, nas intera\u00e7\u00f5es realizadas pelos professores nas escolas. Queremos saber o que fez florescer a Educa\u00e7\u00e3o Financeira no Tocantins e quais as caracter\u00edsticas desse terreno para que o programa desse certo. Precisamos evoluir em conjunto para que o Brasil inteiro avance\u201d, frisou.<\/p>\n<p><strong>Premia\u00e7\u00e3o<\/strong><\/p>\n<p>A Secretaria da Educa\u00e7\u00e3o aproveitou a ocasi\u00e3o para premiar os alunos vencedores do Concurso de Mostra de V\u00eddeos, Cr\u00f4nicas e Reda\u00e7\u00e3o sobre as experi\u00eancias realizadas na Educa\u00e7\u00e3o Financeira em 2017.<\/p>\n<p>A estudante Beatriz Coelho Rodrigues, do Col\u00e9gio da Pol\u00edcia Militar, de Palmas, foi classificada em 1\u00ba lugar em reda\u00e7\u00e3o. Ela abordou a responsabilidade de administrar os recursos financeiros. \u201cPrecisamos aprender a dizer n\u00e3o a n\u00f3s mesmos, a deixar de lado coisas sup\u00e9rfluas e aprender a economizar para poder realizar o sonho de viajar, de adquirir um im\u00f3vel ou de ter recursos para curtir melhor a vida\u201d, explicou.<\/p>\n<p>Os estudantes Kau\u00ea Vinicius Rodrigues Ramos, Helen Cristina Bezerra e Ray Douglas Pereira Gamas, da Escola Estadual Girassol de Tempo Integral Comendador P\u00e1dua Fleury, de Pedro Afonso, foram vencedores na categoria v\u00eddeo.<\/p>\n<p>\u201cRetratamos a situa\u00e7\u00e3o de uma fam\u00edlia que planeja os gastos mensais, define quais os objetivos futuros e resolve economizar para ter dinheiro para comprar coisas mais importantes. Essa fam\u00edlia vai aprendendo a n\u00e3o desperdi\u00e7ar e a priorizar as necessidades b\u00e1sicas\u201d, contaram Kau\u00ea, Helen e Ray.<\/p>\n<p><strong>Experi\u00eancias<\/strong><\/p>\n<p>No per\u00edodo da tarde, os representantes do Banco Central ir\u00e3o conhecer as experi\u00eancias da Educa\u00e7\u00e3o Financeira que s\u00e3o desenvolvidas no Col\u00e9gio Estadual S\u00e3o Jos\u00e9 e na Escola Estadual Vale do Sol.<\/p>\n<p>No Col\u00e9gio S\u00e3o Jos\u00e9, a professora Clean Maria Reis, de Matem\u00e1tica, apresentou um Workshop de Matem\u00e1tica, no qual os alunos apresentaram projetos de estudos com a Educa\u00e7\u00e3o Financeira. \u201cNessa a\u00e7\u00e3o, presenciamos que os alunos estavam empolgados e evolvidos com o estudo da Matem\u00e1tica, com a elabora\u00e7\u00e3o de problemas e resolu\u00e7\u00f5es\u201d, contou Clean. Ela esclareceu que os alunos estudaram tem\u00e1ticas como os gastos e a planilha financeira da escola.<\/p>\n<p>Na Escola Estadual Vale do Sol, a gestora Rosemary Aparecida Tessarin Tinoco contou que, na unidade escolar,\u00a0os educadores optaram por\u00a0realizar a\u00e7\u00f5es de empreendedorismo. A escola conta com parceiros como o Sebrae. \u201cEstamos formando alunos que tenham iniciativas para obter recursos e aprendam a ter a independ\u00eancia financeira\u201d, ressaltou.<\/p>\n","protected":false},"excerpt":{"rendered":"<p>\u201cViemos ao Tocantins conhecer essa experi\u00eancia exitosa da Educa\u00e7\u00e3o Financeira que est\u00e1 sendo desenvolvida nas escolas, saber o que levou o Estado a alcan\u00e7ar esse sucesso e conhecer o caminho que foi percorrido\u201d, disse Maur\u00edcio Costa de Moura, diretor do Banco Central do Brasil. Maur\u00edcio, juntamente com Lu\u00eds Gustavo Mansur Siqueira, chefe de departamento, e [&hellip;]<\/p>\n","protected":false},"author":2,"featured_media":1615,"comment_status":"open","ping_status":"open","sticky":false,"template":"","format":"standard","meta":[],"categories":[2,3],"tags":[],"_links":{"self":[{"href":"https:\/\/dgospel.com.br\/portal\/index.php\/wp-json\/wp\/v2\/posts\/1614"}],"collection":[{"href":"https:\/\/dgospel.com.br\/portal\/index.php\/wp-json\/wp\/v2\/posts"}],"about":[{"href":"https:\/\/dgospel.com.br\/portal\/index.php\/wp-json\/wp\/v2\/types\/post"}],"author":[{"embeddable":true,"href":"https:\/\/dgospel.com.br\/portal\/index.php\/wp-json\/wp\/v2\/users\/2"}],"replies":[{"embeddable":true,"href":"https:\/\/dgospel.com.br\/portal\/index.php\/wp-json\/wp\/v2\/comments?post=1614"}],"version-history":[{"count":1,"href":"https:\/\/dgospel.com.br\/portal\/index.php\/wp-json\/wp\/v2\/posts\/1614\/revisions"}],"predecessor-version":[{"id":1616,"href":"https:\/\/dgospel.com.br\/portal\/index.php\/wp-json\/wp\/v2\/posts\/1614\/revisions\/1616"}],"wp:featuredmedia":[{"embeddable":true,"href":"https:\/\/dgospel.com.br\/portal\/index.php\/wp-json\/wp\/v2\/media\/1615"}],"wp:attachment":[{"href":"https:\/\/dgospel.com.br\/portal\/index.php\/wp-json\/wp\/v2\/media?parent=1614"}],"wp:term":[{"taxonomy":"category","embeddable":true,"href":"https:\/\/dgospel.com.br\/portal\/index.php\/wp-json\/wp\/v2\/categories?post=1614"},{"taxonomy":"post_tag","embeddable":true,"href":"https:\/\/dgospel.com.br\/portal\/index.php\/wp-json\/wp\/v2\/tags?post=1614"}],"curies":[{"name":"wp","href":"https:\/\/api.w.org\/{rel}","templated":true}]}}