{"id":16147,"date":"2023-06-19T11:47:46","date_gmt":"2023-06-19T14:47:46","guid":{"rendered":"http:\/\/dgospel.com.br\/portal\/?p=16147"},"modified":"2023-06-19T11:47:48","modified_gmt":"2023-06-19T14:47:48","slug":"tcu-fara-auditoria-nos-gastos-de-lula-com-cartao-corporativo","status":"publish","type":"post","link":"https:\/\/dgospel.com.br\/portal\/index.php\/2023\/06\/19\/tcu-fara-auditoria-nos-gastos-de-lula-com-cartao-corporativo\/","title":{"rendered":"TCU far\u00e1 auditoria nos gastos de Lula com cart\u00e3o corporativo"},"content":{"rendered":"\n<p>Os gastos milion\u00e1rios do governo&nbsp;<a href=\"https:\/\/pleno.news\/tag\/lula\" target=\"_blank\" rel=\"noreferrer noopener\">Lula<\/a>&nbsp;com cart\u00e3o corporativo v\u00e3o passar por uma auditoria do Tribunal de Contas da Uni\u00e3o (<a href=\"https:\/\/pleno.news\/tag\/tcu\" target=\"_blank\" rel=\"noreferrer noopener\">TCU<\/a>). A ordem, emitida para a Corte de Contas pela C\u00e2mara dos Deputados, partiu de um pedido feito pelo deputado federal Kim Kataguiri (Uni\u00e3o Brasil-SP). A solicita\u00e7\u00e3o foi aprovada pela Comiss\u00e3o de Fiscaliza\u00e7\u00e3o Financeira e Controle, que \u00e9 presidida pela deputada Bia Kicis (PL-DF).<\/p>\n\n\n\n<p>De acordo com a colunista M\u00f4nica Bergamo, do jornal Folha de S\u00e3o Paulo, n\u00e3o h\u00e1 uma data para o in\u00edcio da auditoria, mas o TCU, como \u00f3rg\u00e3o auxiliar do Congresso, precisa dar prefer\u00eancia a pedidos de parlamentares. Por conta desse fato, a expectativa \u00e9 de que o pente-fino nos gastos do governo petista com o cart\u00e3o corporativo n\u00e3o demore para come\u00e7ar.<\/p>\n\n\n\n<p>A solicita\u00e7\u00e3o contra o governo Lula, feita por Kataguiri, foi motivada por uma reportagem da revista Cruso\u00e9 publicada em maio que apontou que, durante os quatro primeiros meses deste ano, a gest\u00e3o Lula arcou com R$ 12,1 milh\u00f5es em despesas utilizando o cart\u00e3o corporativo.<\/p>\n\n\n\n<p>Em fevereiro deste ano, a Corte de Contas aprovou uma apura\u00e7\u00e3o similar relacionada ao governo Bolsonaro. Na ocasi\u00e3o, o TCU liberou a abertura de uma investiga\u00e7\u00e3o para apurar a legalidade das despesas realizadas pela \u00faltima gest\u00e3o com cart\u00f5es corporativos no per\u00edodo entre outubro e dezembro de 2022. A decis\u00e3o tamb\u00e9m tinha sido motivada por uma ordem oriunda do Congresso, aprovada a partir de um pedido do deputado Elias Vaz (PSB-GO).<\/p>\n","protected":false},"excerpt":{"rendered":"<p>Os gastos milion\u00e1rios do governo&nbsp;Lula&nbsp;com cart\u00e3o corporativo v\u00e3o passar por uma auditoria do Tribunal de Contas da Uni\u00e3o (TCU). A ordem, emitida para a Corte de Contas pela C\u00e2mara dos Deputados, partiu de um pedido feito pelo deputado federal Kim Kataguiri (Uni\u00e3o Brasil-SP). A solicita\u00e7\u00e3o foi aprovada pela Comiss\u00e3o de Fiscaliza\u00e7\u00e3o Financeira e Controle, que [&hellip;]<\/p>\n","protected":false},"author":2,"featured_media":16148,"comment_status":"open","ping_status":"open","sticky":false,"template":"","format":"standard","meta":[],"categories":[4],"tags":[],"_links":{"self":[{"href":"https:\/\/dgospel.com.br\/portal\/index.php\/wp-json\/wp\/v2\/posts\/16147"}],"collection":[{"href":"https:\/\/dgospel.com.br\/portal\/index.php\/wp-json\/wp\/v2\/posts"}],"about":[{"href":"https:\/\/dgospel.com.br\/portal\/index.php\/wp-json\/wp\/v2\/types\/post"}],"author":[{"embeddable":true,"href":"https:\/\/dgospel.com.br\/portal\/index.php\/wp-json\/wp\/v2\/users\/2"}],"replies":[{"embeddable":true,"href":"https:\/\/dgospel.com.br\/portal\/index.php\/wp-json\/wp\/v2\/comments?post=16147"}],"version-history":[{"count":1,"href":"https:\/\/dgospel.com.br\/portal\/index.php\/wp-json\/wp\/v2\/posts\/16147\/revisions"}],"predecessor-version":[{"id":16149,"href":"https:\/\/dgospel.com.br\/portal\/index.php\/wp-json\/wp\/v2\/posts\/16147\/revisions\/16149"}],"wp:featuredmedia":[{"embeddable":true,"href":"https:\/\/dgospel.com.br\/portal\/index.php\/wp-json\/wp\/v2\/media\/16148"}],"wp:attachment":[{"href":"https:\/\/dgospel.com.br\/portal\/index.php\/wp-json\/wp\/v2\/media?parent=16147"}],"wp:term":[{"taxonomy":"category","embeddable":true,"href":"https:\/\/dgospel.com.br\/portal\/index.php\/wp-json\/wp\/v2\/categories?post=16147"},{"taxonomy":"post_tag","embeddable":true,"href":"https:\/\/dgospel.com.br\/portal\/index.php\/wp-json\/wp\/v2\/tags?post=16147"}],"curies":[{"name":"wp","href":"https:\/\/api.w.org\/{rel}","templated":true}]}}