{"id":16150,"date":"2023-06-19T11:53:13","date_gmt":"2023-06-19T14:53:13","guid":{"rendered":"http:\/\/dgospel.com.br\/portal\/?p=16150"},"modified":"2023-06-19T11:53:14","modified_gmt":"2023-06-19T14:53:14","slug":"governo-lula-ministerio-gasta-r-500-milhoes-sem-licitacao","status":"publish","type":"post","link":"https:\/\/dgospel.com.br\/portal\/index.php\/2023\/06\/19\/governo-lula-ministerio-gasta-r-500-milhoes-sem-licitacao\/","title":{"rendered":"Governo Lula: minist\u00e9rio gasta R$ 500 milh\u00f5es sem licita\u00e7\u00e3o"},"content":{"rendered":"\n<p>O governo de&nbsp;<strong><a href=\"https:\/\/revistaoeste.com\/tag\/governo-lula\/\" target=\"_blank\" rel=\"noreferrer noopener\">Luiz In\u00e1cio Lula da Silva<\/a><\/strong>&nbsp;continua empenhando despesas com dinheiro p\u00fablico sem a abertura de licita\u00e7\u00e3o. Desta vez, o Minist\u00e9rio da&nbsp;<strong><a href=\"https:\/\/www.gov.br\/mdr\/pt-br\" target=\"_blank\" rel=\"noreferrer noopener\">Integra\u00e7\u00e3o e do Desenvolvimento Regional<\/a><\/strong>, comandado pelo ex-governador do Amap\u00e1, Waldez G\u00f3es, (PDT), gastou quase 97% dos recursos da pasta sem licita\u00e7\u00e3o. A informa\u00e7\u00e3o foi revelada pelo site&nbsp;<em>Metr\u00f3poles<\/em>.<\/p>\n\n\n\n<p>De todas as despesas registradas pela pasta (quase R$ 530 milh\u00f5es), entre janeiro e junho deste ano, R$ 510 milh\u00f5es foram realizadas sem a abertura de licita\u00e7\u00e3o. O valor foi empenhado nas modalidades dispensa ou inexigibilidade de licita\u00e7\u00e3o.<\/p>\n\n\n\n<p>O minist\u00e9rio comandado por G\u00f3es \u00e9 respons\u00e1vel por pol\u00edticas p\u00fablicas em habita\u00e7\u00e3o, irriga\u00e7\u00e3o e mobilidade, por exemplo. As a\u00e7\u00f5es da Defesa Civil Nacional na preven\u00e7\u00e3o e resposta a casos de desastres naturais s\u00e3o comandadas pela pasta.<\/p>\n\n\n\n<p>Entre os minist\u00e9rios, o da Integra\u00e7\u00e3o e do Desenvolvimento Regional est\u00e1 em terceiro lugar em gastos sem licita\u00e7\u00e3o nos primeiros seis meses do governo Lula.<\/p>\n\n\n\n<p>O primeiro lugar \u00e9 ocupado pelo Minist\u00e9rio da Sa\u00fade (R$ 4,3 bilh\u00f5es). O da Defesa aparece em segundo lugar, com R$ 2 bilh\u00f5es.<\/p>\n\n\n\n<h2 id=\"h-lula-embarca-para-7\u00aa-viagem-internacional\">Lula embarca para 7\u00aa viagem internacional<\/h2>\n\n\n\n<p>O presidente Lula parte nesta segunda-feira, 19, para a&nbsp;<strong><a href=\"https:\/\/revistaoeste.com\/politica\/lula-embarca-nesta-segunda-para-7a-viagem-internacional\/\" target=\"_blank\" rel=\"noreferrer noopener\">s\u00e9tima viagem internacional<\/a><\/strong>. Ele embarca, \u00e0 noite, mais uma vez, para a Europa e vai participar de reuni\u00f5es bilaterais na It\u00e1lia e na Fran\u00e7a. Ser\u00e1 a&nbsp;<strong><a href=\"https:\/\/revistaoeste.com\/politica\/lula-comeca-governo-com-mais-tempo-no-exterior-do-que-em-viagens-pelo-brasil\/\" target=\"_blank\" rel=\"noreferrer noopener\">terceira viagem<\/a><\/strong>&nbsp;ao continente europeu neste mandato.<\/p>\n\n\n\n<p>De acordo com a agenda oficial, divulgada pelo&nbsp;<strong><a href=\"https:\/\/www.gov.br\/mre\/pt-br\" target=\"_blank\" rel=\"noreferrer noopener\">Itamaraty<\/a><\/strong>, o presidente vai se encontrar na ter\u00e7a-feira 20 com o presidente italiano Sergio Mattarella e o prefeito de Roma, Roberto Gualtieri, que chegou a visitar Lula quando estava preso em Curitiba, em 2018.<\/p>\n\n\n\n<p>A pauta das reuni\u00f5es com os pol\u00edticos n\u00e3o foi divulgada pelo Itamaraty. Lula n\u00e3o vai se encontrar com a primeira-ministra,&nbsp;<strong><a href=\"https:\/\/revistaoeste.com\/tag\/giorgia-meloni\/\" target=\"_blank\" rel=\"noreferrer noopener\">Georgia Meloni<\/a><\/strong>, da direita italiana. Na quarta-feira 21, Lula ter\u00e1 um encontro com o papa Francisco, no Vaticano, que ainda se recupera de uma cirurgia abdominal feita no dia 7 de junho.<\/p>\n\n\n\n<p>Durante a passagem pela It\u00e1lia, o presidente deve apresentar seu plano de paz para a Ucr\u00e2nia, com a cria\u00e7\u00e3o de um clube de pa\u00edses facilitadores do di\u00e1logo entre Kiev e Moscou, disse Itamaraty.<\/p>\n\n\n\n<p>Na quinta-feira 20, o presidente brasileiro tem uma reuni\u00e3o com o presidente franc\u00eas, Emmanuel Macron. Em Paris, Lula vai participar do Novo Pacto Financeiro Global, uma confer\u00eancia sobre economia sustent\u00e1vel. O convite para o evento foi feito pelo pr\u00f3prio Macron, no come\u00e7o de junho, quando disse que \u201co mundo precisa de uma economia verde\u201d.<\/p>\n","protected":false},"excerpt":{"rendered":"<p>O governo de&nbsp;Luiz In\u00e1cio Lula da Silva&nbsp;continua empenhando despesas com dinheiro p\u00fablico sem a abertura de licita\u00e7\u00e3o. Desta vez, o Minist\u00e9rio da&nbsp;Integra\u00e7\u00e3o e do Desenvolvimento Regional, comandado pelo ex-governador do Amap\u00e1, Waldez G\u00f3es, (PDT), gastou quase 97% dos recursos da pasta sem licita\u00e7\u00e3o. A informa\u00e7\u00e3o foi revelada pelo site&nbsp;Metr\u00f3poles. De todas as despesas registradas pela [&hellip;]<\/p>\n","protected":false},"author":2,"featured_media":16151,"comment_status":"open","ping_status":"open","sticky":false,"template":"","format":"standard","meta":[],"categories":[4],"tags":[],"_links":{"self":[{"href":"https:\/\/dgospel.com.br\/portal\/index.php\/wp-json\/wp\/v2\/posts\/16150"}],"collection":[{"href":"https:\/\/dgospel.com.br\/portal\/index.php\/wp-json\/wp\/v2\/posts"}],"about":[{"href":"https:\/\/dgospel.com.br\/portal\/index.php\/wp-json\/wp\/v2\/types\/post"}],"author":[{"embeddable":true,"href":"https:\/\/dgospel.com.br\/portal\/index.php\/wp-json\/wp\/v2\/users\/2"}],"replies":[{"embeddable":true,"href":"https:\/\/dgospel.com.br\/portal\/index.php\/wp-json\/wp\/v2\/comments?post=16150"}],"version-history":[{"count":1,"href":"https:\/\/dgospel.com.br\/portal\/index.php\/wp-json\/wp\/v2\/posts\/16150\/revisions"}],"predecessor-version":[{"id":16152,"href":"https:\/\/dgospel.com.br\/portal\/index.php\/wp-json\/wp\/v2\/posts\/16150\/revisions\/16152"}],"wp:featuredmedia":[{"embeddable":true,"href":"https:\/\/dgospel.com.br\/portal\/index.php\/wp-json\/wp\/v2\/media\/16151"}],"wp:attachment":[{"href":"https:\/\/dgospel.com.br\/portal\/index.php\/wp-json\/wp\/v2\/media?parent=16150"}],"wp:term":[{"taxonomy":"category","embeddable":true,"href":"https:\/\/dgospel.com.br\/portal\/index.php\/wp-json\/wp\/v2\/categories?post=16150"},{"taxonomy":"post_tag","embeddable":true,"href":"https:\/\/dgospel.com.br\/portal\/index.php\/wp-json\/wp\/v2\/tags?post=16150"}],"curies":[{"name":"wp","href":"https:\/\/api.w.org\/{rel}","templated":true}]}}