{"id":16156,"date":"2023-06-20T09:12:43","date_gmt":"2023-06-20T12:12:43","guid":{"rendered":"http:\/\/dgospel.com.br\/portal\/?p=16156"},"modified":"2023-06-20T09:12:44","modified_gmt":"2023-06-20T12:12:44","slug":"gestores-do-tocantins-vao-participar-de-capacitacao-sobre-nova-lei-de-licitacoes","status":"publish","type":"post","link":"https:\/\/dgospel.com.br\/portal\/index.php\/2023\/06\/20\/gestores-do-tocantins-vao-participar-de-capacitacao-sobre-nova-lei-de-licitacoes\/","title":{"rendered":"Gestores do Tocantins v\u00e3o participar de capacita\u00e7\u00e3o sobre nova lei de licita\u00e7\u00f5es"},"content":{"rendered":"\n<p>Ser\u00e1 realizado nos pr\u00f3ximos dias 21 e 22 de junho, no audit\u00f3rio do Pal\u00e1cio Araguaia, em Palmas, uma capacita\u00e7\u00e3o sobre a nova lei de licita\u00e7\u00f5es para os gestores de todos os \u00f3rg\u00e3os do Executivo Estadual. Com o tema&nbsp;<em>Governan\u00e7a em foco \u2013 Uma agenda sobre a nova lei de licita\u00e7\u00f5es<\/em>, o evento tem os objetivos de apresentar e debater informa\u00e7\u00f5es, procedimentos e t\u00e9cnicas relacionadas \u00e0s contrata\u00e7\u00f5es p\u00fablicas contidas na Lei federal n\u00b0 14.133\/21.<\/p>\n\n\n\n<p>O treinamento ter\u00e1 como palestrante o mestre em Direito, Jorge Ulisses Jacoby Fernandes. A ementa da capacita\u00e7\u00e3o, formatada pela Diretoria de Gest\u00e3o de Capacita\u00e7\u00e3o Continuada da Secad (Dicap\/Unicet) e pela Escola de Gest\u00e3o Fazend\u00e1ria da Sefaz (Egefaz), contempla aspectos variados do novo ordenamento jur\u00eddico, que v\u00e3o do b\u00e1sico conhecimento da lei at\u00e9 sua aplica\u00e7\u00e3o em casos concretos. A programa\u00e7\u00e3o inicia no dia 21, \u00e0s 13h30; e no dia 22, \u00e0s 8 horas.<\/p>\n\n\n\n<p>O secret\u00e1rio de Estado da Fazenda, J\u00falio Edstron Secundino Santos, ressaltou a import\u00e2ncia do evento. \u201cTrata-se de uma oportunidade para todos se atualizarem quanto \u00e0s regras a serem obedecidas e aos mecanismos de controle nas contrata\u00e7\u00f5es\u201d, afirmou.<\/p>\n\n\n\n<p>O secret\u00e1rio de Estado da Administra\u00e7\u00e3o, Paulo C\u00e9sar Benfica Filho, destaca o aprimoramento dos servidores e dos gestores p\u00fablicos como fundamental para garantir a efici\u00eancia e a transpar\u00eancia nos processos licitat\u00f3rios. \u201cEssa capacita\u00e7\u00e3o sobre a nova lei de licita\u00e7\u00f5es \u00e9 essencial para que os profissionais estejam preparados para lidar com as mudan\u00e7as e as atualiza\u00e7\u00f5es do processo de contrata\u00e7\u00e3o p\u00fablica. O conhecimento das regulamenta\u00e7\u00f5es vigentes permite que os gestores sejam mais \u00e1geis na presta\u00e7\u00e3o de servi\u00e7os p\u00fablicos, beneficiando a sociedade como um todo\u201d, enfatizou.<\/p>\n\n\n\n<p>A a\u00e7\u00e3o faz parte da pol\u00edtica de Governan\u00e7a P\u00fablica da Administra\u00e7\u00e3o direta e indireta do Poder Executivo Estadual, institu\u00edda pelo Decreto n\u00b0 6.395\/2022, que prev\u00ea oferta de qualifica\u00e7\u00f5es para gestores e servidores em geral, em assuntos relativos \u00e0 administra\u00e7\u00e3o p\u00fablica.<\/p>\n\n\n\n<p>O evento \u00e9 uma realiza\u00e7\u00e3o do Governo do Tocantins, por meio da Secretaria de Estado da Fazenda (Sefaz) e da Secretaria de Estado da Administra\u00e7\u00e3o (Secad), com o apoio da Universidade Estadual do Tocantins (Unitins) e do Conselho de Governan\u00e7a P\u00fablica do Estado do Tocantins (Cgov).<\/p>\n\n\n\n<p><strong>Sobre o palestrante<\/strong><\/p>\n\n\n\n<p>Mestre em Direito pela Universidade Federal de Pernambuco (UFPE), advogado; professor de direito administrativo; escritor; consultor; conferencista; palestrante nacional e internacional, Jorge Ulisses Jacoby Fernandes ministra diversos cursos, congressos e semin\u00e1rios em todo o pa\u00eds.&nbsp;<\/p>\n\n\n\n<p>Autor de v\u00e1rias obras sobre o tema da Administra\u00e7\u00e3o P\u00fablica, das quais destacam-se:\u00a0<em>Contrata\u00e7\u00e3o Direta sem Licita\u00e7\u00e3o, Tomada de Contas Especial, Sistema de Registros de Pre\u00e7os e Preg\u00e3o Eletr\u00f4nico<\/em>.<\/p>\n\n\n\n<p><img src=\"https:\/\/central.to.gov.br\/image\/334976?w=670&amp;h=383\"><\/p>\n\n\n\n<p>O Mestre em Direito, Jorge Ulisses Jacoby Fernandes ser\u00e1 o palestrante do evento &#8211; Secom\/Governo do Tocantins\u00a0<\/p>\n","protected":false},"excerpt":{"rendered":"<p>Ser\u00e1 realizado nos pr\u00f3ximos dias 21 e 22 de junho, no audit\u00f3rio do Pal\u00e1cio Araguaia, em Palmas, uma capacita\u00e7\u00e3o sobre a nova lei de licita\u00e7\u00f5es para os gestores de todos os \u00f3rg\u00e3os do Executivo Estadual. Com o tema&nbsp;Governan\u00e7a em foco \u2013 Uma agenda sobre a nova lei de licita\u00e7\u00f5es, o evento tem os objetivos de [&hellip;]<\/p>\n","protected":false},"author":2,"featured_media":16157,"comment_status":"open","ping_status":"open","sticky":false,"template":"","format":"standard","meta":[],"categories":[3],"tags":[13],"_links":{"self":[{"href":"https:\/\/dgospel.com.br\/portal\/index.php\/wp-json\/wp\/v2\/posts\/16156"}],"collection":[{"href":"https:\/\/dgospel.com.br\/portal\/index.php\/wp-json\/wp\/v2\/posts"}],"about":[{"href":"https:\/\/dgospel.com.br\/portal\/index.php\/wp-json\/wp\/v2\/types\/post"}],"author":[{"embeddable":true,"href":"https:\/\/dgospel.com.br\/portal\/index.php\/wp-json\/wp\/v2\/users\/2"}],"replies":[{"embeddable":true,"href":"https:\/\/dgospel.com.br\/portal\/index.php\/wp-json\/wp\/v2\/comments?post=16156"}],"version-history":[{"count":1,"href":"https:\/\/dgospel.com.br\/portal\/index.php\/wp-json\/wp\/v2\/posts\/16156\/revisions"}],"predecessor-version":[{"id":16158,"href":"https:\/\/dgospel.com.br\/portal\/index.php\/wp-json\/wp\/v2\/posts\/16156\/revisions\/16158"}],"wp:featuredmedia":[{"embeddable":true,"href":"https:\/\/dgospel.com.br\/portal\/index.php\/wp-json\/wp\/v2\/media\/16157"}],"wp:attachment":[{"href":"https:\/\/dgospel.com.br\/portal\/index.php\/wp-json\/wp\/v2\/media?parent=16156"}],"wp:term":[{"taxonomy":"category","embeddable":true,"href":"https:\/\/dgospel.com.br\/portal\/index.php\/wp-json\/wp\/v2\/categories?post=16156"},{"taxonomy":"post_tag","embeddable":true,"href":"https:\/\/dgospel.com.br\/portal\/index.php\/wp-json\/wp\/v2\/tags?post=16156"}],"curies":[{"name":"wp","href":"https:\/\/api.w.org\/{rel}","templated":true}]}}