{"id":16165,"date":"2023-06-22T10:05:35","date_gmt":"2023-06-22T13:05:35","guid":{"rendered":"http:\/\/dgospel.com.br\/portal\/?p=16165"},"modified":"2023-06-22T10:05:36","modified_gmt":"2023-06-22T13:05:36","slug":"wanderlei-barbosa-inaugura-companhia-da-policia-militar-em-luzimangues-e-aumenta-efetivo-na-regiao","status":"publish","type":"post","link":"https:\/\/dgospel.com.br\/portal\/index.php\/2023\/06\/22\/wanderlei-barbosa-inaugura-companhia-da-policia-militar-em-luzimangues-e-aumenta-efetivo-na-regiao\/","title":{"rendered":"Wanderlei Barbosa inaugura Companhia da Pol\u00edcia Militar em Luzimangues e aumenta efetivo na regi\u00e3o"},"content":{"rendered":"\n<p>O governador do Tocantins, Wanderlei Barbosa, inaugurou a sede da 1\u00aa Companhia Independente da Pol\u00edcia Militar (CIPM) em Luzimangues, distrito de Porto Nacional, na manh\u00e3 desta quarta-feira, 21. A unidade, que contava com 12 policiais militares quando era apenas um Destacamento, teve seu efetivo refor\u00e7ado para 40 PMs; tamb\u00e9m foi realizada a entrega de Kit Companhia, composto por sete viaturas, armas de fogo, coletes bal\u00edsticos, uniformes, r\u00e1dio HT para comunica\u00e7\u00e3o, entre outros equipamentos pr\u00f3prios de uso da corpora\u00e7\u00e3o.<\/p>\n\n\n\n<p>A 1\u00aa CIPM de Luzimangues surge da necessidade de adequa\u00e7\u00e3o a uma nova realidade administrativa e operacional da PM-TO e busca atender as demandas de seguran\u00e7a p\u00fablica da sociedade local, levando em considera\u00e7\u00e3o o r\u00e1pido crescimento populacional do distrito. &#8220;Mais de 20 mil pessoas residem aqui e, quando a Lei de Emancipa\u00e7\u00e3o for aprovada, Luzimangues ser\u00e1 um dos maiores munic\u00edpios do Estado. Estamos cuidando agora, pensando no futuro, em parceria com a prefeitura de Porto Nacional e com nossos deputados federais e estaduais&#8221;, ressaltou o governador Wanderlei Barbosa.<\/p>\n\n\n\n<p>&#8220;N\u00f3s entramos com a parte f\u00edsica, inclusive j\u00e1 doamos uma \u00e1rea para a constru\u00e7\u00e3o definitiva de um batalh\u00e3o da PM aqui em Luzimangues. \u00c9 um trabalho a quatro m\u00e3os, para que n\u00f3s possamos cumprir nossas miss\u00f5es&#8221;, afirmou o prefeito de Porto Nacional, Ronivon Maciel. &#8220;Juridicamente, Luzimangues \u00e9 um distrito, mas n\u00f3s sabemos da dimens\u00e3o geogr\u00e1fica e populacional que tem hoje, ao lado da Capital. \u00c9 um distrito que tem crescido bastante e a popula\u00e7\u00e3o tem chegado e buscado educa\u00e7\u00e3o, sa\u00fade, oportunidades e, com certeza, seguran\u00e7a&#8221;, complementou Ronivon Maciel, que relatou estar muito alegre com esta inaugura\u00e7\u00e3o.<br><br>O comandante-geral da PM-TO, coronel M\u00e1rcio Ant\u00f4nio Barbosa de Mendon\u00e7a, que tamb\u00e9m esteve presente ao evento, informou que o principal objetivo da corpora\u00e7\u00e3o \u00e9 a redu\u00e7\u00e3o da criminalidade por meio de uma distribui\u00e7\u00e3o log\u00edstica com base em evid\u00eancias, tornando o emprego da Pol\u00edcia Militar mais abrangente, em todas as cidades do Estado, de forma a suprir as expectativas institucionais, sociais e comunit\u00e1rias concernentes \u00e0 seguran\u00e7a p\u00fablica. &#8220;Essa estrat\u00e9gia institucional estabelece a 1\u00aa CIPM, cuja circunscri\u00e7\u00e3o abrange toda a \u00e1rea, tanto urbana e quanto rural, do distrito de Luzimangues, e limita com os munic\u00edpios de Palmas, Miracema e Para\u00edso&#8221;, concluiu.<\/p>\n\n\n\n<p>O major QOPM, Renato Marques Lisboa, foi designado o comandante respons\u00e1vel pela 1\u00aa CIPM de Luzimangues.&nbsp;&#8220;A inaugura\u00e7\u00e3o desta sede e a implanta\u00e7\u00e3o do 1\u00aa CIPM atendem uma cobran\u00e7a de uma comunidade que cresce sobremaneira. O governador, bem sens\u00edvel a essa causa, atendeu o pleito do Comando-Geral e, hoje, est\u00e1 instalando essa unidade, t\u00e3o aguardada&#8221;, afirmou o major, que serviu no 4\u00b0 BPM em Gurupi por 13 anos, assumiu o comando da 2\u00aa CIPM de Dian\u00f3polis em 2021 e, em 2023, encara o desafio de comandar a 1\u00aa CIPM, em Luzimangues.<\/p>\n\n\n\n<p><strong>Seguran\u00e7a em Luzimangues<\/strong><\/p>\n\n\n\n<p>H\u00e1 nove anos na corpora\u00e7\u00e3o e h\u00e1 um ano e meio trabalhando em Luzimangues, o cabo da PM-TO, Nyron Nyon Skhytz Bezerra Sousa, destacou a comodidade que \u00e9 morar no distrito e trabalhar em uma unidade lotada. \u201cO deslocamento \u00e9 muito mais f\u00e1cil e tranquilo, j\u00e1 que n\u00e3o precisa atravessar a ponte diariamente. A inaugura\u00e7\u00e3o desse pr\u00e9dio \u00e9 de grande import\u00e2ncia, n\u00e3o s\u00f3 para n\u00f3s da corpora\u00e7\u00e3o que trabalhamos aqui, mas para toda a sociedade de Luzimangues\u201d, enfatizou o cabo Nyron Nyon,&nbsp;que \u00e9 casado e tem um filho.<\/p>\n\n\n\n<p>O empres\u00e1rio Rog\u00e9rio Tonaco, de 53 anos, reside em Luzimangues desde 2014, mas sua m\u00e3e, dona Noemi Pacheco Tonaco, de 73 anos, est\u00e1 na regi\u00e3o h\u00e1 55 anos. Para ambos, a inaugura\u00e7\u00e3o da 1\u00aa CIPM representa um marco na seguran\u00e7a p\u00fablica do distrito. \u201cAntigamente, a gente tinha por volta de dez PMs fazendo a nossa seguran\u00e7a, hoje n\u00f3s temos 40 em uma Companhia Independente. Depois do que aconteceu, a gente tem andado pela cidade e temos percebido a satisfa\u00e7\u00e3o da comunidade com rela\u00e7\u00e3o \u00e0 vinda da PM. Isso traz mais seguran\u00e7a e tranquilidade para a popula\u00e7\u00e3o\u201d, ressaltou Rog\u00e9rio Tonaco, que \u00e9 casado com Valdenice Tonaco, de 38 anos, com quem tem uma filha de dois meses, a Aurora. \u201cAntes, a gente ficava um pouco inseguro, at\u00e9 mesmo na empresa. Agora, sempre tem alguma viatura passando em frente aos com\u00e9rcios. Essa demanda j\u00e1 vem de outros governos, mas foi justamente o governador Wanderlei Barbosa que se sensibilizou e trouxe essa companhia para n\u00f3s. O governador est\u00e1 de parab\u00e9ns por ter atendido esse anseio da popula\u00e7\u00e3o\u201d, finalizou.<\/p>\n\n\n\n<p>A cerim\u00f4nia contou com a presen\u00e7a de lideran\u00e7as pol\u00edticas e sociais da regi\u00e3o, como o prefeito, o vice-prefeito e vereadores de Porto Nacional, al\u00e9m de deputados estaduais e federais.<\/p>\n\n\n\n<p><img src=\"https:\/\/central.to.gov.br\/image\/335416?w=670&amp;h=383\"><\/p>\n\n\n\n<p>O cabo da PM-TO, Nyron Nyon Skhytz Bezerra Sousa, destacou a comodidade que \u00e9 morar no distrito e trabalhar em uma unidade lotada &#8211; Antonio Gon\u00e7alves\/Governo do Tocantins<\/p>\n\n\n\n<p><img src=\"https:\/\/central.to.gov.br\/image\/335414?w=670&amp;h=383\"><\/p>\n\n\n\n<p>A unidade, que contava com 12 policiais, teve seu efetivo refor\u00e7ado para 40 militares; tamb\u00e9m foi realizada entrega de viaturas, armas de fogo, coletes bal\u00edsticos, uniformes e r\u00e1dio HT &#8211; Antonio Gon\u00e7alves\/Governo do Tocantins\u00a0<\/p>\n\n\n\n<p><img src=\"https:\/\/central.to.gov.br\/image\/335412?w=670&amp;h=383\"><\/p>\n\n\n\n<p>O empres\u00e1rio Rog\u00e9rio Tonaco, de 53 anos, que reside em Luzimangues com a fam\u00edlia desde 2014, comemora a inaugura\u00e7\u00e3o da 1\u00aa CIPM e pontua que a unidade representa um marco na seguran\u00e7a p\u00fablica do distrito &#8211; Antonio Gon\u00e7alves\/Governo do Tocantins\u00a0<\/p>\n\n\n\n<p><img src=\"https:\/\/central.to.gov.br\/image\/335411?w=670&amp;h=383\"><\/p>\n\n\n\n<p>O major QOPM, Renato Marques Lisboa, foi designado o comandante respons\u00e1vel pela 1\u00aa CIPM de Luzimangues &#8211; Antonio Gon\u00e7alves\/Governo do Tocantins\u00a0<\/p>\n\n\n\n<p><img src=\"https:\/\/central.to.gov.br\/image\/335410?w=670&amp;h=383\"><\/p>\n\n\n\n<p>O prefeito de Porto Nacional, Ronivon Maciel, afirmou que Luzimangues \u00e9 um distrito que tem crescido bastante e a popula\u00e7\u00e3o tem chegado e buscado educa\u00e7\u00e3o, sa\u00fade, oportunidades e, com certeza, seguran\u00e7a &#8211; Antonio Gon\u00e7alves\/Governo do Tocantins<\/p>\n\n\n\n<p><img src=\"https:\/\/central.to.gov.br\/image\/335409?w=670&amp;h=383\"><\/p>\n\n\n\n<p>A cerim\u00f4nia contou com a presen\u00e7a de lideran\u00e7as pol\u00edticas e sociais da regi\u00e3o, como o prefeito, o vice-prefeito e vereadores de Porto Nacional, al\u00e9m de deputados estaduais e federais &#8211; Ademir Dos Anjos\/Governo do Tocantins\u00a0<\/p>\n\n\n\n<p><img src=\"https:\/\/central.to.gov.br\/image\/335408?w=670&amp;h=383\"><\/p>\n\n\n\n<p>Governador Wanderlei Barbosa inaugura a sede da 1\u00aa Companhia Independente da Pol\u00edcia Militar (CIPM) em Luzimangues &#8211; Antonio Gon\u00e7alves\/Governo do Tocantins<\/p>\n","protected":false},"excerpt":{"rendered":"<p>O governador do Tocantins, Wanderlei Barbosa, inaugurou a sede da 1\u00aa Companhia Independente da Pol\u00edcia Militar (CIPM) em Luzimangues, distrito de Porto Nacional, na manh\u00e3 desta quarta-feira, 21. A unidade, que contava com 12 policiais militares quando era apenas um Destacamento, teve seu efetivo refor\u00e7ado para 40 PMs; tamb\u00e9m foi realizada a entrega de Kit [&hellip;]<\/p>\n","protected":false},"author":2,"featured_media":16166,"comment_status":"open","ping_status":"open","sticky":false,"template":"","format":"standard","meta":[],"categories":[3],"tags":[13],"_links":{"self":[{"href":"https:\/\/dgospel.com.br\/portal\/index.php\/wp-json\/wp\/v2\/posts\/16165"}],"collection":[{"href":"https:\/\/dgospel.com.br\/portal\/index.php\/wp-json\/wp\/v2\/posts"}],"about":[{"href":"https:\/\/dgospel.com.br\/portal\/index.php\/wp-json\/wp\/v2\/types\/post"}],"author":[{"embeddable":true,"href":"https:\/\/dgospel.com.br\/portal\/index.php\/wp-json\/wp\/v2\/users\/2"}],"replies":[{"embeddable":true,"href":"https:\/\/dgospel.com.br\/portal\/index.php\/wp-json\/wp\/v2\/comments?post=16165"}],"version-history":[{"count":1,"href":"https:\/\/dgospel.com.br\/portal\/index.php\/wp-json\/wp\/v2\/posts\/16165\/revisions"}],"predecessor-version":[{"id":16167,"href":"https:\/\/dgospel.com.br\/portal\/index.php\/wp-json\/wp\/v2\/posts\/16165\/revisions\/16167"}],"wp:featuredmedia":[{"embeddable":true,"href":"https:\/\/dgospel.com.br\/portal\/index.php\/wp-json\/wp\/v2\/media\/16166"}],"wp:attachment":[{"href":"https:\/\/dgospel.com.br\/portal\/index.php\/wp-json\/wp\/v2\/media?parent=16165"}],"wp:term":[{"taxonomy":"category","embeddable":true,"href":"https:\/\/dgospel.com.br\/portal\/index.php\/wp-json\/wp\/v2\/categories?post=16165"},{"taxonomy":"post_tag","embeddable":true,"href":"https:\/\/dgospel.com.br\/portal\/index.php\/wp-json\/wp\/v2\/tags?post=16165"}],"curies":[{"name":"wp","href":"https:\/\/api.w.org\/{rel}","templated":true}]}}