{"id":16168,"date":"2023-06-22T10:07:52","date_gmt":"2023-06-22T13:07:52","guid":{"rendered":"http:\/\/dgospel.com.br\/portal\/?p=16168"},"modified":"2023-06-22T10:07:53","modified_gmt":"2023-06-22T13:07:53","slug":"procon-tocantins-orienta-consumidores-sobre-reajuste-dos-planos-de-saude","status":"publish","type":"post","link":"https:\/\/dgospel.com.br\/portal\/index.php\/2023\/06\/22\/procon-tocantins-orienta-consumidores-sobre-reajuste-dos-planos-de-saude\/","title":{"rendered":"Procon Tocantins orienta consumidores sobre reajuste dos planos de sa\u00fade"},"content":{"rendered":"\n<p>O Procon Tocantins alerta os consumidores de planos individuais\u202fe\u202ffamiliares para a aplica\u00e7\u00e3o do reajuste anunciado pela Ag\u00eancia Nacional\u202fde\u202fSa\u00fade\u202fSuplementar (ANS). A ag\u00eancia limitou\u202fem 9,63% o \u00edndice de reajuste, percentual que \u00e9 o\u202fteto\u202fv\u00e1lido\u202fpara\u202fo per\u00edodo entre maio de 2023 e abril de 2024.<\/p>\n\n\n\n<p>\u201c\u00c9 importante que os consumidores fiquem atentos quando for aplicado o reajuste. Se a operadora cobrar mais do que o percentual autorizado, o consumidor deve procurar o Procon Tocantins, por meio dos canais de den\u00fancias 151 e&nbsp;<em>WhatsApp:<\/em>&nbsp;(63) 999216-6840 ou presencialmente, bem como a pr\u00f3pria ANS nos telefones 0800 701 9656 e 0800 021 2105\u201d, ressaltou o superintendente do Procon Tocantins, Rafael Pereira Parente.<\/p>\n\n\n\n<p>Segundo a ANS, o \u00edndice\u202fde\u202f2023 foi apreciado pelo Minist\u00e9rio da Fazenda\u202fe\u202faprovado\u202fem reuni\u00e3o\u202fde\u202fdiretoria colegiada no dia 12 de junho. A decis\u00e3o ser\u00e1 publicada no Di\u00e1rio Oficial da Uni\u00e3o e o reajuste poder\u00e1 ser aplicado pela operadora no m\u00eas de\u202fanivers\u00e1rio do contrato, ou seja, no m\u00eas da data de contrata\u00e7\u00e3o do plano. No caso dos contratos com anivers\u00e1rio em maio, junho e julho, ser\u00e1 autorizada a cobran\u00e7a retroativa relativa a esses meses.<\/p>\n\n\n\n<p><strong>Portabilidade<\/strong><\/p>\n\n\n\n<p>A ANS destaca que os consumidores t\u00eam o poder de escolha. Caso entendam que seu plano de sa\u00fade n\u00e3o est\u00e1 lhes atendendo adequadamente, podem optar pela portabilidade de car\u00eancia para outra operadora. Para saber as op\u00e7\u00f5es dispon\u00edveis no mercado para contrata\u00e7\u00e3o ou troca via portabilidade de car\u00eancias, o interessado pode fazer compara\u00e7\u00f5es ao consultar o guia ANS, no site da ag\u00eancia.<\/p>\n\n\n\n<p><img src=\"https:\/\/central.to.gov.br\/image\/335406?w=670&amp;h=383\"><\/p>\n\n\n\n<p>Superintendente do Procon Tocantins, Rafael Parente &#8211; Procon\/Governo do Tocantins<\/p>\n","protected":false},"excerpt":{"rendered":"<p>O Procon Tocantins alerta os consumidores de planos individuais\u202fe\u202ffamiliares para a aplica\u00e7\u00e3o do reajuste anunciado pela Ag\u00eancia Nacional\u202fde\u202fSa\u00fade\u202fSuplementar (ANS). A ag\u00eancia limitou\u202fem 9,63% o \u00edndice de reajuste, percentual que \u00e9 o\u202fteto\u202fv\u00e1lido\u202fpara\u202fo per\u00edodo entre maio de 2023 e abril de 2024. \u201c\u00c9 importante que os consumidores fiquem atentos quando for aplicado o reajuste. Se a operadora [&hellip;]<\/p>\n","protected":false},"author":2,"featured_media":16169,"comment_status":"open","ping_status":"open","sticky":false,"template":"","format":"standard","meta":[],"categories":[3],"tags":[13],"_links":{"self":[{"href":"https:\/\/dgospel.com.br\/portal\/index.php\/wp-json\/wp\/v2\/posts\/16168"}],"collection":[{"href":"https:\/\/dgospel.com.br\/portal\/index.php\/wp-json\/wp\/v2\/posts"}],"about":[{"href":"https:\/\/dgospel.com.br\/portal\/index.php\/wp-json\/wp\/v2\/types\/post"}],"author":[{"embeddable":true,"href":"https:\/\/dgospel.com.br\/portal\/index.php\/wp-json\/wp\/v2\/users\/2"}],"replies":[{"embeddable":true,"href":"https:\/\/dgospel.com.br\/portal\/index.php\/wp-json\/wp\/v2\/comments?post=16168"}],"version-history":[{"count":1,"href":"https:\/\/dgospel.com.br\/portal\/index.php\/wp-json\/wp\/v2\/posts\/16168\/revisions"}],"predecessor-version":[{"id":16170,"href":"https:\/\/dgospel.com.br\/portal\/index.php\/wp-json\/wp\/v2\/posts\/16168\/revisions\/16170"}],"wp:featuredmedia":[{"embeddable":true,"href":"https:\/\/dgospel.com.br\/portal\/index.php\/wp-json\/wp\/v2\/media\/16169"}],"wp:attachment":[{"href":"https:\/\/dgospel.com.br\/portal\/index.php\/wp-json\/wp\/v2\/media?parent=16168"}],"wp:term":[{"taxonomy":"category","embeddable":true,"href":"https:\/\/dgospel.com.br\/portal\/index.php\/wp-json\/wp\/v2\/categories?post=16168"},{"taxonomy":"post_tag","embeddable":true,"href":"https:\/\/dgospel.com.br\/portal\/index.php\/wp-json\/wp\/v2\/tags?post=16168"}],"curies":[{"name":"wp","href":"https:\/\/api.w.org\/{rel}","templated":true}]}}