{"id":16174,"date":"2023-06-22T10:13:35","date_gmt":"2023-06-22T13:13:35","guid":{"rendered":"http:\/\/dgospel.com.br\/portal\/?p=16174"},"modified":"2023-06-22T10:13:37","modified_gmt":"2023-06-22T13:13:37","slug":"janad-valcari-propoe-criacao-de-frente-parlamentar-empresarial-na-aleto","status":"publish","type":"post","link":"https:\/\/dgospel.com.br\/portal\/index.php\/2023\/06\/22\/janad-valcari-propoe-criacao-de-frente-parlamentar-empresarial-na-aleto\/","title":{"rendered":"Janad Valcari prop\u00f5e cria\u00e7\u00e3o de Frente Parlamentar Empresarial na Aleto"},"content":{"rendered":"\n<p>Debater e promover pol\u00edticas p\u00fablicas e iniciativas para o setor empresarial no Tocantins. Este \u00e9 um dos principais objetivos da Frente Parlamentar Empresarial do Estado, proposta pela deputada Professora Janad Valcari (PL) \u00e0 Mesa Diretora, na sess\u00e3o vespertina desta ter\u00e7a-feira, 20.<\/p>\n\n\n\n<p>De acordo com a justificativa, o colegiado ter\u00e1 tamb\u00e9m o papel de regulamentar o setor empresarial e estimular o empreendedorismo, dentre outros temas relevantes para o desenvolvimento destas \u00e1reas.<\/p>\n\n\n\n<p>\u201cEssa Frente Parlamentar ir\u00e1 representar e promover os interesses do setor empresarial, contribuindo com o processo de representatividade setorial dentro do Parlamento tocantinense\u201d, defendeu a parlamentar.<\/p>\n\n\n\n<p>As Frentes<\/p>\n\n\n\n<p>Frentes Parlamentares s\u00e3o associa\u00e7\u00f5es compostas por deputados de diferentes partidos para debater determinados temas de interesse da sociedade. Elas t\u00eam tamb\u00e9m o papel de fortalecer as rela\u00e7\u00f5es entre os Parlamentos e representantes de determinados setores.<\/p>\n\n\n\n<p>Outras Frentes<\/p>\n\n\n\n<p>Atualmente, a Aleto conta duas Frentes Parlamentares, uma do Agroneg\u00f3cio e outra da Agroind\u00fastria, presididas pelos deputados Gutierres Torquato (PDT) e Eduardo Fortes (PSD), respectivamente.<\/p>\n","protected":false},"excerpt":{"rendered":"<p>Debater e promover pol\u00edticas p\u00fablicas e iniciativas para o setor empresarial no Tocantins. Este \u00e9 um dos principais objetivos da Frente Parlamentar Empresarial do Estado, proposta pela deputada Professora Janad Valcari (PL) \u00e0 Mesa Diretora, na sess\u00e3o vespertina desta ter\u00e7a-feira, 20. De acordo com a justificativa, o colegiado ter\u00e1 tamb\u00e9m o papel de regulamentar o [&hellip;]<\/p>\n","protected":false},"author":2,"featured_media":16175,"comment_status":"open","ping_status":"open","sticky":false,"template":"","format":"standard","meta":[],"categories":[8],"tags":[],"_links":{"self":[{"href":"https:\/\/dgospel.com.br\/portal\/index.php\/wp-json\/wp\/v2\/posts\/16174"}],"collection":[{"href":"https:\/\/dgospel.com.br\/portal\/index.php\/wp-json\/wp\/v2\/posts"}],"about":[{"href":"https:\/\/dgospel.com.br\/portal\/index.php\/wp-json\/wp\/v2\/types\/post"}],"author":[{"embeddable":true,"href":"https:\/\/dgospel.com.br\/portal\/index.php\/wp-json\/wp\/v2\/users\/2"}],"replies":[{"embeddable":true,"href":"https:\/\/dgospel.com.br\/portal\/index.php\/wp-json\/wp\/v2\/comments?post=16174"}],"version-history":[{"count":1,"href":"https:\/\/dgospel.com.br\/portal\/index.php\/wp-json\/wp\/v2\/posts\/16174\/revisions"}],"predecessor-version":[{"id":16176,"href":"https:\/\/dgospel.com.br\/portal\/index.php\/wp-json\/wp\/v2\/posts\/16174\/revisions\/16176"}],"wp:featuredmedia":[{"embeddable":true,"href":"https:\/\/dgospel.com.br\/portal\/index.php\/wp-json\/wp\/v2\/media\/16175"}],"wp:attachment":[{"href":"https:\/\/dgospel.com.br\/portal\/index.php\/wp-json\/wp\/v2\/media?parent=16174"}],"wp:term":[{"taxonomy":"category","embeddable":true,"href":"https:\/\/dgospel.com.br\/portal\/index.php\/wp-json\/wp\/v2\/categories?post=16174"},{"taxonomy":"post_tag","embeddable":true,"href":"https:\/\/dgospel.com.br\/portal\/index.php\/wp-json\/wp\/v2\/tags?post=16174"}],"curies":[{"name":"wp","href":"https:\/\/api.w.org\/{rel}","templated":true}]}}