{"id":16177,"date":"2023-06-22T10:26:59","date_gmt":"2023-06-22T13:26:59","guid":{"rendered":"http:\/\/dgospel.com.br\/portal\/?p=16177"},"modified":"2023-06-22T10:27:00","modified_gmt":"2023-06-22T13:27:00","slug":"rubens-uchoa-solicita-que-sejam-convocados-mais-medicos-na-unidade-de-saude-de-taquarucu","status":"publish","type":"post","link":"https:\/\/dgospel.com.br\/portal\/index.php\/2023\/06\/22\/rubens-uchoa-solicita-que-sejam-convocados-mais-medicos-na-unidade-de-saude-de-taquarucu\/","title":{"rendered":"Rubens Uch\u00f4a solicita que sejam convocados mais m\u00e9dicos na Unidade de Sa\u00fade de Taquaru\u00e7u"},"content":{"rendered":"\n<p>O vereador Rubens Uch\u00f4a (Uni\u00e3o), solicita junto a Prefeitura de Palmas que seja executado em car\u00e1ter de urg\u00eancia a promo\u00e7\u00e3o de mais m\u00e9dicos na Unidade de Sa\u00fade de Taquaru\u00e7u.<\/p>\n\n\n\n<p>Segundo o parlamentar, \u201cA solicita\u00e7\u00e3o de mais m\u00e9dicos na Unidade de Sa\u00fade de Taquaru\u00e7u \u00e9 de suma import\u00e2ncia para a melhoria da qualidade de vida dos mais necessitados que moram na regi\u00e3o\u201d.<\/p>\n\n\n\n<p>Diante do exposto e visando o car\u00e1ter de urg\u00eancia, aguarda se a execu\u00e7\u00e3o da solicita\u00e7\u00e3o junto a Chefe do Poder Executivo Municipal. E assim ser poss\u00edvel atender a demanda em benef\u00edcio da popula\u00e7\u00e3o daquela regi\u00e3o.<\/p>\n","protected":false},"excerpt":{"rendered":"<p>O vereador Rubens Uch\u00f4a (Uni\u00e3o), solicita junto a Prefeitura de Palmas que seja executado em car\u00e1ter de urg\u00eancia a promo\u00e7\u00e3o de mais m\u00e9dicos na Unidade de Sa\u00fade de Taquaru\u00e7u. Segundo o parlamentar, \u201cA solicita\u00e7\u00e3o de mais m\u00e9dicos na Unidade de Sa\u00fade de Taquaru\u00e7u \u00e9 de suma import\u00e2ncia para a melhoria da qualidade de vida dos [&hellip;]<\/p>\n","protected":false},"author":2,"featured_media":16178,"comment_status":"open","ping_status":"open","sticky":false,"template":"","format":"standard","meta":[],"categories":[8],"tags":[],"_links":{"self":[{"href":"https:\/\/dgospel.com.br\/portal\/index.php\/wp-json\/wp\/v2\/posts\/16177"}],"collection":[{"href":"https:\/\/dgospel.com.br\/portal\/index.php\/wp-json\/wp\/v2\/posts"}],"about":[{"href":"https:\/\/dgospel.com.br\/portal\/index.php\/wp-json\/wp\/v2\/types\/post"}],"author":[{"embeddable":true,"href":"https:\/\/dgospel.com.br\/portal\/index.php\/wp-json\/wp\/v2\/users\/2"}],"replies":[{"embeddable":true,"href":"https:\/\/dgospel.com.br\/portal\/index.php\/wp-json\/wp\/v2\/comments?post=16177"}],"version-history":[{"count":1,"href":"https:\/\/dgospel.com.br\/portal\/index.php\/wp-json\/wp\/v2\/posts\/16177\/revisions"}],"predecessor-version":[{"id":16179,"href":"https:\/\/dgospel.com.br\/portal\/index.php\/wp-json\/wp\/v2\/posts\/16177\/revisions\/16179"}],"wp:featuredmedia":[{"embeddable":true,"href":"https:\/\/dgospel.com.br\/portal\/index.php\/wp-json\/wp\/v2\/media\/16178"}],"wp:attachment":[{"href":"https:\/\/dgospel.com.br\/portal\/index.php\/wp-json\/wp\/v2\/media?parent=16177"}],"wp:term":[{"taxonomy":"category","embeddable":true,"href":"https:\/\/dgospel.com.br\/portal\/index.php\/wp-json\/wp\/v2\/categories?post=16177"},{"taxonomy":"post_tag","embeddable":true,"href":"https:\/\/dgospel.com.br\/portal\/index.php\/wp-json\/wp\/v2\/tags?post=16177"}],"curies":[{"name":"wp","href":"https:\/\/api.w.org\/{rel}","templated":true}]}}