{"id":16180,"date":"2023-06-22T10:55:12","date_gmt":"2023-06-22T13:55:12","guid":{"rendered":"http:\/\/dgospel.com.br\/portal\/?p=16180"},"modified":"2023-06-22T10:55:12","modified_gmt":"2023-06-22T13:55:12","slug":"rubens-uchoa-apresenta-pl-que-insere-leite-sem-lactose-nos-cardapios-das-escolas-municipais","status":"publish","type":"post","link":"https:\/\/dgospel.com.br\/portal\/index.php\/2023\/06\/22\/rubens-uchoa-apresenta-pl-que-insere-leite-sem-lactose-nos-cardapios-das-escolas-municipais\/","title":{"rendered":"Rubens Uch\u00f4a apresenta PL que insere leite sem lactose nos card\u00e1pios das escolas municipais"},"content":{"rendered":"\n<p>O vereador Rubens Uch\u00f4a (Uni\u00e3o) apresentou um projeto de lei que insere nos card\u00e1pios das escolas municipais, gratuitamente, leite sem lactose, e assim pretende ajudar crian\u00e7as intolerantes \u00e0 lactose a terem acesso ao leite que n\u00e3o a contenha.<\/p>\n\n\n\n<p>Segundo o parlamentar, \u201cAcredita-se que no Brasil, cerca de 43% da popula\u00e7\u00e3o possui intoler\u00e2ncia \u00e0 lactose, invariavelmente quanto \u00e0s condi\u00e7\u00f5es f\u00e1ticas de desenvolvimento dos sintomas que podem ir de diarreia at\u00e9 dores de cabe\u00e7a e n\u00e1useas\u201d.<\/p>\n\n\n\n<p>Em alguns casos existe desidrata\u00e7\u00e3o do indiv\u00edduo que ingerir a lactose. Baseado nos dados, e nos estudos acerca da intoler\u00e2ncia a lactose, \u00e9 necess\u00e1rio dar a devida aten\u00e7\u00e3o a este assunto.<\/p>\n\n\n\n<p>O vereador afirma, \u201cUm dos objetivos da lei \u00e9 o cuidado com a alimenta\u00e7\u00e3o que \u00e9 tratado mundialmente como tema que visa a qualidade de vida, e percebendo estas necessidades desde o per\u00edodo escolar \u00e9 de extrema import\u00e2ncia para mudan\u00e7a nos h\u00e1bitos alimentares e atrav\u00e9s deste projeto de lei ser\u00e1 poss\u00edvel garantir melhor qualidade de vida aos nossos alunos da rede de ensino municipal\u201d.<\/p>\n\n\n\n<p>Ap\u00f3s aprova\u00e7\u00e3o, o projeto ser\u00e1 enviado para san\u00e7\u00e3o da prefeita de Palmas.<\/p>\n","protected":false},"excerpt":{"rendered":"<p>O vereador Rubens Uch\u00f4a (Uni\u00e3o) apresentou um projeto de lei que insere nos card\u00e1pios das escolas municipais, gratuitamente, leite sem lactose, e assim pretende ajudar crian\u00e7as intolerantes \u00e0 lactose a terem acesso ao leite que n\u00e3o a contenha. Segundo o parlamentar, \u201cAcredita-se que no Brasil, cerca de 43% da popula\u00e7\u00e3o possui intoler\u00e2ncia \u00e0 lactose, invariavelmente [&hellip;]<\/p>\n","protected":false},"author":2,"featured_media":16181,"comment_status":"open","ping_status":"open","sticky":false,"template":"","format":"standard","meta":[],"categories":[8],"tags":[],"_links":{"self":[{"href":"https:\/\/dgospel.com.br\/portal\/index.php\/wp-json\/wp\/v2\/posts\/16180"}],"collection":[{"href":"https:\/\/dgospel.com.br\/portal\/index.php\/wp-json\/wp\/v2\/posts"}],"about":[{"href":"https:\/\/dgospel.com.br\/portal\/index.php\/wp-json\/wp\/v2\/types\/post"}],"author":[{"embeddable":true,"href":"https:\/\/dgospel.com.br\/portal\/index.php\/wp-json\/wp\/v2\/users\/2"}],"replies":[{"embeddable":true,"href":"https:\/\/dgospel.com.br\/portal\/index.php\/wp-json\/wp\/v2\/comments?post=16180"}],"version-history":[{"count":1,"href":"https:\/\/dgospel.com.br\/portal\/index.php\/wp-json\/wp\/v2\/posts\/16180\/revisions"}],"predecessor-version":[{"id":16182,"href":"https:\/\/dgospel.com.br\/portal\/index.php\/wp-json\/wp\/v2\/posts\/16180\/revisions\/16182"}],"wp:featuredmedia":[{"embeddable":true,"href":"https:\/\/dgospel.com.br\/portal\/index.php\/wp-json\/wp\/v2\/media\/16181"}],"wp:attachment":[{"href":"https:\/\/dgospel.com.br\/portal\/index.php\/wp-json\/wp\/v2\/media?parent=16180"}],"wp:term":[{"taxonomy":"category","embeddable":true,"href":"https:\/\/dgospel.com.br\/portal\/index.php\/wp-json\/wp\/v2\/categories?post=16180"},{"taxonomy":"post_tag","embeddable":true,"href":"https:\/\/dgospel.com.br\/portal\/index.php\/wp-json\/wp\/v2\/tags?post=16180"}],"curies":[{"name":"wp","href":"https:\/\/api.w.org\/{rel}","templated":true}]}}