{"id":16192,"date":"2023-06-25T17:20:47","date_gmt":"2023-06-25T20:20:47","guid":{"rendered":"http:\/\/dgospel.com.br\/portal\/?p=16192"},"modified":"2023-06-25T17:20:48","modified_gmt":"2023-06-25T20:20:48","slug":"estadao-diz-que-ministros-do-stf-tem-o-dever-de-frear-moraes","status":"publish","type":"post","link":"https:\/\/dgospel.com.br\/portal\/index.php\/2023\/06\/25\/estadao-diz-que-ministros-do-stf-tem-o-dever-de-frear-moraes\/","title":{"rendered":"Estad\u00e3o diz que ministros do STF t\u00eam o dever de frear Moraes"},"content":{"rendered":"\n<p>O jornal O Estado de S. Paulo avaliou, em editorial publicado neste domingo (25), que o ministro Alexandre de Moraes, do Supremo Tribunal Federal (STF), tem atuado como \u201cjuiz do debate p\u00fablico\u201d e tomado decis\u00f5es \u201cdesproporcionais\u201d que suscitam \u201cpreocupa\u00e7\u00f5es\u201d. Para o ve\u00edculo, \u00e9 necess\u00e1rio que os demais magistrados da Suprema Corte n\u00e3o fechem os olhos ao que vem ocorrendo.<\/p>\n\n\n\n<p>\u2013 Os questionamentos apontam, nas decis\u00f5es do ministro, erros e incompreens\u00f5es sobre o Direito e sobre as pr\u00f3prias circunst\u00e2ncias vividas no pa\u00eds, afinal, se ao longo do governo de Jair Bolsonaro a democracia pareceu estar sob risco, o que poderia justificar medidas excepcionais, hoje n\u00e3o h\u00e1 amea\u00e7as que fundamentem decis\u00f5es desse tipo. (\u2026) At\u00e9 agora a 1\u00aa Turma e o pr\u00f3prio Plen\u00e1rio do STF t\u00eam confirmado suas decis\u00f5es. Ou seja, os \u00f3rg\u00e3os colegiados do Supremo t\u00eam manifestado um apoio irrestrito ao ministro \u2013 declarou o Estad\u00e3o.<\/p>\n\n\n\n<p>Na sequ\u00eancia, o jornal lembra que o Brasil n\u00e3o est\u00e1 mais no per\u00edodo eleitoral e, por isso, a legisla\u00e7\u00e3o do per\u00edodo de campanha que foi usada como justificativa para diversas interven\u00e7\u00f5es, especialmente nas redes sociais, j\u00e1 n\u00e3o fazem mais sentido.<\/p>\n\n\n\n<p>Como exemplo de decis\u00f5es recentes do ministro que o jornal considera preocupantes, est\u00e1 o bloqueio de todas as redes sociais do influenciador Monark ap\u00f3s cr\u00edticas ao sistema eleitoral e a Moraes. O jornal tamb\u00e9m menciona a postura do juiz em rela\u00e7\u00e3o \u00e0 campanha do Google cr\u00edtica ao Projeto de Lei das Fake News.<\/p>\n\n\n\n<p>\u2013 At\u00e9 aqui, a resposta a quem acusava o ministro Alexandre de Moraes de impor uma suposta ditadura judicial no pa\u00eds foi lembrar a vig\u00eancia do duplo grau de jurisdi\u00e7\u00e3o (\u2026) \u00c9 essencial que a Corte seja diligente em sua tarefa de controle da legalidade e constitucionalidade das decis\u00f5es monocr\u00e1ticas. N\u00e3o se defende a democracia com atropelos judiciais nem com decis\u00f5es judiciais mal fundamentadas \u2013 enfatiza o texto.<\/p>\n\n\n\n<p>Por fim, o Estad\u00e3o defendeu a \u201cconclus\u00e3o das investiga\u00e7\u00f5es\u201d e \u201co fim dos inqu\u00e9ritos abertos\u201d, como o de amea\u00e7as contra a Corte e \u00e0s institui\u00e7\u00f5es democr\u00e1ticas, relatados por Moraes.<\/p>\n","protected":false},"excerpt":{"rendered":"<p>O jornal O Estado de S. Paulo avaliou, em editorial publicado neste domingo (25), que o ministro Alexandre de Moraes, do Supremo Tribunal Federal (STF), tem atuado como \u201cjuiz do debate p\u00fablico\u201d e tomado decis\u00f5es \u201cdesproporcionais\u201d que suscitam \u201cpreocupa\u00e7\u00f5es\u201d. Para o ve\u00edculo, \u00e9 necess\u00e1rio que os demais magistrados da Suprema Corte n\u00e3o fechem os olhos [&hellip;]<\/p>\n","protected":false},"author":2,"featured_media":16193,"comment_status":"open","ping_status":"open","sticky":false,"template":"","format":"standard","meta":[],"categories":[10],"tags":[],"_links":{"self":[{"href":"https:\/\/dgospel.com.br\/portal\/index.php\/wp-json\/wp\/v2\/posts\/16192"}],"collection":[{"href":"https:\/\/dgospel.com.br\/portal\/index.php\/wp-json\/wp\/v2\/posts"}],"about":[{"href":"https:\/\/dgospel.com.br\/portal\/index.php\/wp-json\/wp\/v2\/types\/post"}],"author":[{"embeddable":true,"href":"https:\/\/dgospel.com.br\/portal\/index.php\/wp-json\/wp\/v2\/users\/2"}],"replies":[{"embeddable":true,"href":"https:\/\/dgospel.com.br\/portal\/index.php\/wp-json\/wp\/v2\/comments?post=16192"}],"version-history":[{"count":1,"href":"https:\/\/dgospel.com.br\/portal\/index.php\/wp-json\/wp\/v2\/posts\/16192\/revisions"}],"predecessor-version":[{"id":16194,"href":"https:\/\/dgospel.com.br\/portal\/index.php\/wp-json\/wp\/v2\/posts\/16192\/revisions\/16194"}],"wp:featuredmedia":[{"embeddable":true,"href":"https:\/\/dgospel.com.br\/portal\/index.php\/wp-json\/wp\/v2\/media\/16193"}],"wp:attachment":[{"href":"https:\/\/dgospel.com.br\/portal\/index.php\/wp-json\/wp\/v2\/media?parent=16192"}],"wp:term":[{"taxonomy":"category","embeddable":true,"href":"https:\/\/dgospel.com.br\/portal\/index.php\/wp-json\/wp\/v2\/categories?post=16192"},{"taxonomy":"post_tag","embeddable":true,"href":"https:\/\/dgospel.com.br\/portal\/index.php\/wp-json\/wp\/v2\/tags?post=16192"}],"curies":[{"name":"wp","href":"https:\/\/api.w.org\/{rel}","templated":true}]}}