{"id":16195,"date":"2023-06-25T17:23:10","date_gmt":"2023-06-25T20:23:10","guid":{"rendered":"http:\/\/dgospel.com.br\/portal\/?p=16195"},"modified":"2023-06-25T17:23:10","modified_gmt":"2023-06-25T20:23:10","slug":"bolsonaro-envia-mensagem-a-jovens-evangelicos-no-comjadem","status":"publish","type":"post","link":"https:\/\/dgospel.com.br\/portal\/index.php\/2023\/06\/25\/bolsonaro-envia-mensagem-a-jovens-evangelicos-no-comjadem\/","title":{"rendered":"Bolsonaro envia mensagem a jovens evang\u00e9licos no Comjadem"},"content":{"rendered":"\n<p>O ex-presidente Jair Bolsonaro (PL) enviou uma mensagem de incentivo aos participantes do Congresso de Jovens e Adolescentes da Assembleia de Deus Minist\u00e9rio Madureira (Comjadem) e foi ovacionado pelo p\u00fablico com gritos de \u201cmito\u201d. Em chamada de v\u00eddeo transmitida durante o evento, neste s\u00e1bado (24), ele declarou que sente-se rejuvenescido pelos jovens evang\u00e9licos.<\/p>\n\n\n\n<p>\u2013 N\u00f3s aqui, somos jovens tamb\u00e9m, nos sentimos rejuvenescidos em um momento como esse. Os jovens, por vezes, precisam de algum freio e eu digo que um freio de m\u00e3o t\u00e1 mais do que suficiente. E esses momentos que voc\u00eas passam junto com os mais velhos, com os mais antigos, com aqueles que t\u00eam o dom da palavra de Deus, \u00e9 o suficiente para que a gente se prepare para as nossas vidas \u2013 disse.<\/p>\n\n\n\n<p>O ex-chefe do Executivo ainda voltou a mencionar a exist\u00eancia de uma \u201cluta do bem contra o mal\u201d no Brasil.<\/p>\n\n\n\n<p>\u2013 Mesmo jovens, voc\u00eas sabem o que acontece no nosso pa\u00eds, a luta que existe aqui do bem contra o mal, e n\u00f3s sabemos que o bem sempre vencer\u00e1 \u2013 acrescentou.<\/p>\n\n\n\n<p>Bolsonaro finalizou pedindo ora\u00e7\u00f5es por ele mesmo e pelo pa\u00eds. A liga\u00e7\u00e3o foi feita por interm\u00e9dio do deputado federal Otoni de Paula (MDB-RJ).<\/p>\n\n\n\n<p>\u2013 Neste momento, a gente pede para voc\u00eas, humildemente, ora\u00e7\u00f5es pelo nosso Brasil (\u2026) e para mim tamb\u00e9m (\u2026) Que Deus proteja o nosso pa\u00eds \u2013 concluiu.<\/p>\n\n\n\n<p>O Comjadem realizou sua s\u00e9tima edi\u00e7\u00e3o neste s\u00e1bado na Arena Deodoro, no Rio de Janeiro. Na lista de convidados, estiveram cantores como Bruna Karla, Midian Lima, Samuel Messias e Sarah Beatriz, al\u00e9m de l\u00edderes crist\u00e3os como o bispo Manoel Ferreira e o pastor Samuel Gon\u00e7alves. O evento visa reunir fi\u00e9is para um dia de adora\u00e7\u00e3o e comunh\u00e3o.<\/p>\n","protected":false},"excerpt":{"rendered":"<p>O ex-presidente Jair Bolsonaro (PL) enviou uma mensagem de incentivo aos participantes do Congresso de Jovens e Adolescentes da Assembleia de Deus Minist\u00e9rio Madureira (Comjadem) e foi ovacionado pelo p\u00fablico com gritos de \u201cmito\u201d. Em chamada de v\u00eddeo transmitida durante o evento, neste s\u00e1bado (24), ele declarou que sente-se rejuvenescido pelos jovens evang\u00e9licos. \u2013 N\u00f3s [&hellip;]<\/p>\n","protected":false},"author":2,"featured_media":16196,"comment_status":"open","ping_status":"open","sticky":false,"template":"","format":"standard","meta":[],"categories":[5],"tags":[],"_links":{"self":[{"href":"https:\/\/dgospel.com.br\/portal\/index.php\/wp-json\/wp\/v2\/posts\/16195"}],"collection":[{"href":"https:\/\/dgospel.com.br\/portal\/index.php\/wp-json\/wp\/v2\/posts"}],"about":[{"href":"https:\/\/dgospel.com.br\/portal\/index.php\/wp-json\/wp\/v2\/types\/post"}],"author":[{"embeddable":true,"href":"https:\/\/dgospel.com.br\/portal\/index.php\/wp-json\/wp\/v2\/users\/2"}],"replies":[{"embeddable":true,"href":"https:\/\/dgospel.com.br\/portal\/index.php\/wp-json\/wp\/v2\/comments?post=16195"}],"version-history":[{"count":1,"href":"https:\/\/dgospel.com.br\/portal\/index.php\/wp-json\/wp\/v2\/posts\/16195\/revisions"}],"predecessor-version":[{"id":16197,"href":"https:\/\/dgospel.com.br\/portal\/index.php\/wp-json\/wp\/v2\/posts\/16195\/revisions\/16197"}],"wp:featuredmedia":[{"embeddable":true,"href":"https:\/\/dgospel.com.br\/portal\/index.php\/wp-json\/wp\/v2\/media\/16196"}],"wp:attachment":[{"href":"https:\/\/dgospel.com.br\/portal\/index.php\/wp-json\/wp\/v2\/media?parent=16195"}],"wp:term":[{"taxonomy":"category","embeddable":true,"href":"https:\/\/dgospel.com.br\/portal\/index.php\/wp-json\/wp\/v2\/categories?post=16195"},{"taxonomy":"post_tag","embeddable":true,"href":"https:\/\/dgospel.com.br\/portal\/index.php\/wp-json\/wp\/v2\/tags?post=16195"}],"curies":[{"name":"wp","href":"https:\/\/api.w.org\/{rel}","templated":true}]}}