{"id":16198,"date":"2023-06-25T17:25:34","date_gmt":"2023-06-25T20:25:34","guid":{"rendered":"http:\/\/dgospel.com.br\/portal\/?p=16198"},"modified":"2023-06-25T17:25:35","modified_gmt":"2023-06-25T20:25:35","slug":"ore-comigo-evangelicos-lotam-mineirao-em-dia-de-louvor","status":"publish","type":"post","link":"https:\/\/dgospel.com.br\/portal\/index.php\/2023\/06\/25\/ore-comigo-evangelicos-lotam-mineirao-em-dia-de-louvor\/","title":{"rendered":"Ore Comigo: Evang\u00e9licos lotam Mineir\u00e3o em dia de louvor"},"content":{"rendered":"\n<p>Neste s\u00e1bado (24), mais de 50 mil pessoas passaram pelo est\u00e1dio do Mineir\u00e3o, em Belo Horizonte, Minas Gerais, para participarem do Ore Comigo Music Festival, evento que atraiu alguns dos principais nomes da m\u00fasica gospel.<\/p>\n\n\n\n<p>Organizado pelo pastor F\u00e1bio Lacerda, da Igreja Batista da Lagoinha, o festival teve in\u00edcio \u00e0s 9h, recebendo convidados como Arthur Callazans, Aline Barros, Bruna Karla, Eli Soares, Gabriela Rocha, Brunno Ramos, Trilo, Ana Paula Valad\u00e3o, Mariana Valad\u00e3o, Andr\u00e9 Valad\u00e3o, Preto no Branco, Kellen Byanca, Gabriela Gomes, Stella Laura, Andr\u00e9 &amp; Felipe, Midian Lima, Isaque Valad\u00e3o, Fernandinho e muitos outros.<\/p>\n\n\n\n<p>Entre as apresenta\u00e7\u00f5es musicais, alguns pregadores tiveram a oportunidade de levar uma Palavra para os presentes, entre eles Camila Barros, Ezenete Rodrigues, Andr\u00e9 Fernandes, Vit\u00f3ria Souza, pastor Lucinho, Deive Leonardo, Tiago Brunet, Ant\u00f4nio J\u00fanior e Felippe Valad\u00e3o.<\/p>\n\n\n\n<p>\u2013 \u00c9 uma realiza\u00e7\u00e3o de vida para mim, pois eu j\u00e1 queria estar em um local com milhares de pessoas, para que todos pudessem orar juntos. Por isso o nome Ore Comigo, que \u00e9 um ajuntamento de irm\u00e3os com o mesmo prop\u00f3sito, independente de religi\u00e3o \u2013 disse o pastor F\u00e1bio Lacerda, irm\u00e3o e empres\u00e1rio da dupla C\u00e9sar Menotti &amp; Fabiano..<\/p>\n\n\n\n<p>Em mais de dez horas de evento, o p\u00fablico presente pode cantar e orar junto com outras milhares de pessoas que acompanhavam a transmiss\u00e3o ao vivo pelo YouTube.<\/p>\n","protected":false},"excerpt":{"rendered":"<p>Neste s\u00e1bado (24), mais de 50 mil pessoas passaram pelo est\u00e1dio do Mineir\u00e3o, em Belo Horizonte, Minas Gerais, para participarem do Ore Comigo Music Festival, evento que atraiu alguns dos principais nomes da m\u00fasica gospel. Organizado pelo pastor F\u00e1bio Lacerda, da Igreja Batista da Lagoinha, o festival teve in\u00edcio \u00e0s 9h, recebendo convidados como Arthur [&hellip;]<\/p>\n","protected":false},"author":2,"featured_media":16199,"comment_status":"open","ping_status":"open","sticky":false,"template":"","format":"standard","meta":[],"categories":[5],"tags":[],"_links":{"self":[{"href":"https:\/\/dgospel.com.br\/portal\/index.php\/wp-json\/wp\/v2\/posts\/16198"}],"collection":[{"href":"https:\/\/dgospel.com.br\/portal\/index.php\/wp-json\/wp\/v2\/posts"}],"about":[{"href":"https:\/\/dgospel.com.br\/portal\/index.php\/wp-json\/wp\/v2\/types\/post"}],"author":[{"embeddable":true,"href":"https:\/\/dgospel.com.br\/portal\/index.php\/wp-json\/wp\/v2\/users\/2"}],"replies":[{"embeddable":true,"href":"https:\/\/dgospel.com.br\/portal\/index.php\/wp-json\/wp\/v2\/comments?post=16198"}],"version-history":[{"count":1,"href":"https:\/\/dgospel.com.br\/portal\/index.php\/wp-json\/wp\/v2\/posts\/16198\/revisions"}],"predecessor-version":[{"id":16200,"href":"https:\/\/dgospel.com.br\/portal\/index.php\/wp-json\/wp\/v2\/posts\/16198\/revisions\/16200"}],"wp:featuredmedia":[{"embeddable":true,"href":"https:\/\/dgospel.com.br\/portal\/index.php\/wp-json\/wp\/v2\/media\/16199"}],"wp:attachment":[{"href":"https:\/\/dgospel.com.br\/portal\/index.php\/wp-json\/wp\/v2\/media?parent=16198"}],"wp:term":[{"taxonomy":"category","embeddable":true,"href":"https:\/\/dgospel.com.br\/portal\/index.php\/wp-json\/wp\/v2\/categories?post=16198"},{"taxonomy":"post_tag","embeddable":true,"href":"https:\/\/dgospel.com.br\/portal\/index.php\/wp-json\/wp\/v2\/tags?post=16198"}],"curies":[{"name":"wp","href":"https:\/\/api.w.org\/{rel}","templated":true}]}}