{"id":16201,"date":"2023-06-25T17:30:36","date_gmt":"2023-06-25T20:30:36","guid":{"rendered":"http:\/\/dgospel.com.br\/portal\/?p=16201"},"modified":"2023-06-25T17:30:38","modified_gmt":"2023-06-25T20:30:38","slug":"depois-de-ataques-de-lula-senador-sai-em-defesa-de-campos-neto","status":"publish","type":"post","link":"https:\/\/dgospel.com.br\/portal\/index.php\/2023\/06\/25\/depois-de-ataques-de-lula-senador-sai-em-defesa-de-campos-neto\/","title":{"rendered":"Depois de ataques de Lula, senador sai em defesa de Campos Neto"},"content":{"rendered":"\n<p>Autor da Lei de Autonomia do Banco Central (BC), o senador Pl\u00ednio Val\u00e9rio (PSDB-AM) defendeu o presidente do BC, Roberto Campos Neto, dos ataques do presidente Lula e da base aliada. \u201cEssas cr\u00edticas fazem parte da tentativa orquestrada para exonerar o presidente do BC\u201d, disse o senador.<\/p>\n\n\n\n<p>Os ataques, que come\u00e7aram ainda em janeiro, se intensificam a cada m\u00eas. A press\u00e3o \u00e9 pela redu\u00e7\u00e3o da taxa de juros, hoje em 13,75%. Na \u00faltima semana, o Conselho de Pol\u00edtica Monet\u00e1ria (Copom)&nbsp;<strong><a href=\"https:\/\/revistaoeste.com\/economia\/banco-central-mantem-taxa-basica-de-juros-em-1375\/\" target=\"_blank\" rel=\"noreferrer noopener\">manteve a Selic<\/a><\/strong>. Depois disso, Lula, da Europa,&nbsp;<strong><a href=\"https:\/\/revistaoeste.com\/economia\/lula-volta-a-atacar-presidente-do-banco-central-joga-contra-a-economia\/\" target=\"_blank\" rel=\"noreferrer noopener\">afirmou que Campos Neto \u201cjoga contra a economia brasileira\u201d<\/a><\/strong>&nbsp;e que n\u00e3o baixar a taxa de juros \u00e9 irracional.<\/p>\n\n\n\n<p>O petista tamb\u00e9m disse que j\u00e1 cobrou provid\u00eancias de senadores sobre o presidente do Banco Central \u201cporque foram eles que colocaram esse cidad\u00e3o l\u00e1\u201d. Lula se referia \u00e0 possibilidade de demiss\u00e3o de Campos Neto, j\u00e1 que o mandato do presidente do Banco Central vai at\u00e9 2024 e s\u00f3 pode ser demitido com aprova\u00e7\u00e3o do Senado.<\/p>\n\n\n\n<p>Isso apenas se houver \u201ccomprovado e recorrente desempenho insuficiente para o alcance dos objetivos do Banco Central do Brasil\u201d, conforme prev\u00ea a&nbsp;<strong><a href=\"https:\/\/www.planalto.gov.br\/ccivil_03\/leis\/lcp\/lcp179.htm\" target=\"_blank\" rel=\"noreferrer noopener\">Lei Complementar 179\/2021<\/a><\/strong>, que trata da autonomia do BC.<\/p>\n\n\n\n<figure class=\"wp-block-image\"><img src=\"https:\/\/medias.revistaoeste.com\/qa-staging\/wp-content\/uploads\/2023\/04\/roberto-campos-neto-audiencia-em-comissao-do-senado.jpg\" alt=\"roberto campos neto - audi\u00eancia em comiss\u00e3o do senado\" class=\"wp-image-898361\"\/><figcaption>Roberto Campos Neto tem mandato at\u00e9 2024 | Foto: Pedro Fran\u00e7a\/Ag\u00eancia Senado<\/figcaption><\/figure>\n\n\n\n<h2 id=\"h-senadores-fizeram-ataque-pessoal-a-campos-neto\">Senadores fizeram ataque pessoal a Campos Neto<\/h2>\n\n\n\n<p>Depois das declara\u00e7\u00f5es de Lula, os senadores Randolfe Rodrigues (Rede-AP) e Renan Calheiros (MDB-AL) fizeram ataques pessoais a Campos Neto. Outros senadores aliados de Lula j\u00e1 falam em pedir exonera\u00e7\u00e3o do presidente do BC.<\/p>\n\n\n\n<p>Para Val\u00e9rio, esses ataques orquestrados entre a base significam \u201cque Lula vai levar adiante sua psicose de exonerar Campos, agindo dentro do Senado\u201d. \u201cRenan e Randolfe s\u00e3o dois senadores experientes e sabem que n\u00e3o h\u00e1 clima dentro do Senado para esse retrocesso, mesmo assim, publicam seus ataques, o que me leva a concluir que o plano de exonerar o presidente do BC \u00e9 amplo e est\u00e1 sendo executado\u201d, afirmou Val\u00e9rio.<\/p>\n\n\n\n<p>Apesar disso, para o senador amazonense, essa tentativa do governo n\u00e3o deve prosperar. \u201cN\u00e3o v\u00e3o conseguir. Podem at\u00e9 tentar de fora para dentro, mas no Senado n\u00e3o encontrar\u00e3o respaldo. Est\u00e3o equivocados porque lutam por uma causa perdida que causaria um retrocesso sem tamanho e um terremoto com efeitos destruidores de nossa economia, o que seria imperdo\u00e1vel e destruidor. Vamos combater.\u201d<\/p>\n\n\n\n<p>Val\u00e9rio disse, ainda, que a eventual concretiza\u00e7\u00e3o dessa manobra \u201cpoderia resultar em um terremoto com efeitos destruidores para a economia brasileira\u201d.<\/p>\n","protected":false},"excerpt":{"rendered":"<p>Autor da Lei de Autonomia do Banco Central (BC), o senador Pl\u00ednio Val\u00e9rio (PSDB-AM) defendeu o presidente do BC, Roberto Campos Neto, dos ataques do presidente Lula e da base aliada. \u201cEssas cr\u00edticas fazem parte da tentativa orquestrada para exonerar o presidente do BC\u201d, disse o senador. Os ataques, que come\u00e7aram ainda em janeiro, se [&hellip;]<\/p>\n","protected":false},"author":2,"featured_media":16202,"comment_status":"open","ping_status":"open","sticky":false,"template":"","format":"standard","meta":[],"categories":[8],"tags":[],"_links":{"self":[{"href":"https:\/\/dgospel.com.br\/portal\/index.php\/wp-json\/wp\/v2\/posts\/16201"}],"collection":[{"href":"https:\/\/dgospel.com.br\/portal\/index.php\/wp-json\/wp\/v2\/posts"}],"about":[{"href":"https:\/\/dgospel.com.br\/portal\/index.php\/wp-json\/wp\/v2\/types\/post"}],"author":[{"embeddable":true,"href":"https:\/\/dgospel.com.br\/portal\/index.php\/wp-json\/wp\/v2\/users\/2"}],"replies":[{"embeddable":true,"href":"https:\/\/dgospel.com.br\/portal\/index.php\/wp-json\/wp\/v2\/comments?post=16201"}],"version-history":[{"count":1,"href":"https:\/\/dgospel.com.br\/portal\/index.php\/wp-json\/wp\/v2\/posts\/16201\/revisions"}],"predecessor-version":[{"id":16203,"href":"https:\/\/dgospel.com.br\/portal\/index.php\/wp-json\/wp\/v2\/posts\/16201\/revisions\/16203"}],"wp:featuredmedia":[{"embeddable":true,"href":"https:\/\/dgospel.com.br\/portal\/index.php\/wp-json\/wp\/v2\/media\/16202"}],"wp:attachment":[{"href":"https:\/\/dgospel.com.br\/portal\/index.php\/wp-json\/wp\/v2\/media?parent=16201"}],"wp:term":[{"taxonomy":"category","embeddable":true,"href":"https:\/\/dgospel.com.br\/portal\/index.php\/wp-json\/wp\/v2\/categories?post=16201"},{"taxonomy":"post_tag","embeddable":true,"href":"https:\/\/dgospel.com.br\/portal\/index.php\/wp-json\/wp\/v2\/tags?post=16201"}],"curies":[{"name":"wp","href":"https:\/\/api.w.org\/{rel}","templated":true}]}}