{"id":16204,"date":"2023-06-25T17:36:49","date_gmt":"2023-06-25T20:36:49","guid":{"rendered":"http:\/\/dgospel.com.br\/portal\/?p=16204"},"modified":"2023-06-25T17:36:50","modified_gmt":"2023-06-25T20:36:50","slug":"governo-do-tocantins-investe-r-3-milhoes-em-bolsa-de-iniciacao-cientifica","status":"publish","type":"post","link":"https:\/\/dgospel.com.br\/portal\/index.php\/2023\/06\/25\/governo-do-tocantins-investe-r-3-milhoes-em-bolsa-de-iniciacao-cientifica\/","title":{"rendered":"Governo do Tocantins investe R$ 3 milh\u00f5es em bolsa de Inicia\u00e7\u00e3o Cient\u00edfica"},"content":{"rendered":"\n<p>O Governo do Tocantins, por meio da Funda\u00e7\u00e3o de Amparo \u00e0 Pesquisa do&nbsp;Estado (Fapt), realizou nessa quinta-feira, 22, a cerim\u00f4nia de assinatura do Termo de Acordo de Coopera\u00e7\u00e3o (TAC) do edital entre a Secretaria de Estado da Fazenda (Sefaz), a Fapt e o Programa Institucional de Bolsas de Inicia\u00e7\u00e3o Cient\u00edfica (Pibic). O acordo visa ao incentivo para a inicia\u00e7\u00e3o cient\u00edfica com investimento de R$ 3 milh\u00f5es.&nbsp; O evento, conduzido pelo presidente da Fapt, M\u00e1rcio da Silveira, ocorreu na sede da Funda\u00e7\u00e3o.<\/p>\n\n\n\n<p>O TAC tem como objetivo apoiar propostas de Institui\u00e7\u00f5es Cient\u00edficas, Tecnol\u00f3gicas e de Inova\u00e7\u00e3o (ICT&amp;I) p\u00fablicas e privadas sem fins lucrativos do Estado do Tocantins por meio de concess\u00e3o de 600 bolsas de inicia\u00e7\u00e3o cient\u00edfica, visando ao fortalecimento da pesquisa nas institui\u00e7\u00f5es tocantinenses.<\/p>\n\n\n\n<p>Os mais de R$ 3 milh\u00f5es ser\u00e3o revertidos em bolsas para alunos e professores pesquisadores de oito Institui\u00e7\u00f5es Cient\u00edficas, Tecnol\u00f3gicas e de Inova\u00e7\u00e3o (ICT&amp;I). S\u00e3o 75 bolsas de inicia\u00e7\u00e3o cient\u00edfica, no valor de R$ 700 para cada Institui\u00e7\u00e3o que aderiu ao edital como a Universidade Estadual do Tocantins (Unitins), a Empresa Brasileira de Pesquisa Agropecu\u00e1ria (Embrapa), a UnirG, a Universidade Federal do Tocantins (UFT), o Instituto Federal do Tocantins (IFTO), a Universidade Federal do Norte do Tocantins (UFNT), a UniCat\u00f3lica e o Centro Universit\u00e1rio de Palmas (Unitop). As bolsas s\u00e3o mensais e v\u00e1lidas por dois anos.<\/p>\n\n\n\n<p>Durante o evento, o presidente da Funda\u00e7\u00e3o, M\u00e1rcio Silveira, falou sobre o incentivo do Governo em Pesquisa e Inova\u00e7\u00e3o e o quanto estas bolsas de Inicia\u00e7\u00e3o s\u00e3o de grande import\u00e2ncia para o cen\u00e1rio da CT&amp;I no Tocantins.<\/p>\n\n\n\n<p>&#8220;Com a valida\u00e7\u00e3o do governador Wanderlei Barbosa, come\u00e7amos um trabalho de incentivo \u00e0 pesquisa e apoio da comunidade cient\u00edfica em todo o Estado e, n\u00f3s temos, agora, uma conjuntura muito favor\u00e1vel para trabalhar com educa\u00e7\u00e3o, ci\u00eancia e tecnologia\u201d, pontuou M\u00e1rcio Silveira.<\/p>\n\n\n\n<p>M\u00e1rcio Silveira celebra ainda a conquista destas 600 bolsas de pesquisa para incentivar a inicia\u00e7\u00e3o cient\u00edfica. \u201cS\u00e3o 600 bolsas, que foram divididas em 50 com o objetivo de contemplar v\u00e1rias institui\u00e7\u00f5es, mas como algumas n\u00e3o participaram e n\u00e3o aderiram ao edital, as outras que ficaram, ser\u00e3o rateadas, por igual entre as ICTIs contempladas nas duas linhas do edital. Ent\u00e3o, ser\u00e3o 75 bolsas para cada Institui\u00e7\u00e3o\u201d.<\/p>\n\n\n\n<p><strong>Edital atende Institui\u00e7\u00f5es P\u00fablicas e Privadas<\/strong><\/p>\n\n\n\n<p>Pela primeira vez, um Acordo de Coopera\u00e7\u00e3o p\u00fablico\/privado na \u00e1rea de pesquisa \u00e9 celebrado no Estado. Um trabalho conjunto da Funda\u00e7\u00e3o e dos \u00f3rg\u00e3os de controle para que tudo fosse feito do melhor e mais transparente jeito.&nbsp;<\/p>\n\n\n\n<p>\u201cA constru\u00e7\u00e3o deste edital demorou quase um ano. Como \u00e9 a primeira vez, essa parceria P\u00fablico\/Privada precisou ser constru\u00edda com todos os detalhes em parceria com a CGE [Controladoria Geral do Estado], o TCE [Tribunal de Contas] e a PGE [Procuradoria-Geral do Tocantins], at\u00e9 chegar neste edital. Isso significa que, a partir de agora, esse edital pode ser replicado de maneira r\u00e1pida e sem problema&#8221;, pontuou o presidente.<\/p>\n\n\n\n<p>\u201cHoje, uma promessa se torna realidade! Este \u00e9 um projeto acolhedor. Para n\u00f3s, \u00e9 um orgulho participar deste edital. \u00c9 um agradecimento em nome de todos os estudantes tocantinenses que ser\u00e3o agraciados com as bolsas, com a pesquisa e os projetos que est\u00e3o nos ajudando a desenvolver\u201d, relatou o diretor da Unitop, Muniz Ara\u00fajo.<\/p>\n\n\n\n<p>O reitor da Unitins, Agusto Rezende, destacou a import\u00e2ncia desse edital para o Estado. &#8220;Hoje, plantamos uma grande semente, com o apoio do Governo do Tocantins, uma vez que teve a converg\u00eancia de um ambiente favor\u00e1vel para que a gente conseguisse esse edital. Este momento mostra a chancela do Estado e a certeza de que \u00e9 cumpridor de todos os compromissos&#8221;, finalizou.<\/p>\n\n\n\n<p><img src=\"https:\/\/central.to.gov.br\/image\/335863?w=670&amp;h=383\"><\/p>\n\n\n\n<p>Acordo celebra um edital de incentivo \u00e0 Inicia\u00e7\u00e3o Cient\u00edfica com investimento de R$ 3 milh\u00f5es &#8211; Layse Gabrielle\/Governo do Tocantins<\/p>\n\n\n\n<p><img src=\"https:\/\/central.to.gov.br\/image\/335864?w=670&amp;h=383\"><\/p>\n\n\n\n<p>Assinatura do Termo de Coopera\u00e7\u00e3o tem como objetivo apoiar propostas de Institui\u00e7\u00f5es Cient\u00edficas, Tecnol\u00f3gicas e de Inova\u00e7\u00e3o &#8211; Layse Gabrielle\/Governo do Tocantins\u00a0<\/p>\n","protected":false},"excerpt":{"rendered":"<p>O Governo do Tocantins, por meio da Funda\u00e7\u00e3o de Amparo \u00e0 Pesquisa do&nbsp;Estado (Fapt), realizou nessa quinta-feira, 22, a cerim\u00f4nia de assinatura do Termo de Acordo de Coopera\u00e7\u00e3o (TAC) do edital entre a Secretaria de Estado da Fazenda (Sefaz), a Fapt e o Programa Institucional de Bolsas de Inicia\u00e7\u00e3o Cient\u00edfica (Pibic). O acordo visa ao [&hellip;]<\/p>\n","protected":false},"author":2,"featured_media":16205,"comment_status":"open","ping_status":"open","sticky":false,"template":"","format":"standard","meta":[],"categories":[3],"tags":[13],"_links":{"self":[{"href":"https:\/\/dgospel.com.br\/portal\/index.php\/wp-json\/wp\/v2\/posts\/16204"}],"collection":[{"href":"https:\/\/dgospel.com.br\/portal\/index.php\/wp-json\/wp\/v2\/posts"}],"about":[{"href":"https:\/\/dgospel.com.br\/portal\/index.php\/wp-json\/wp\/v2\/types\/post"}],"author":[{"embeddable":true,"href":"https:\/\/dgospel.com.br\/portal\/index.php\/wp-json\/wp\/v2\/users\/2"}],"replies":[{"embeddable":true,"href":"https:\/\/dgospel.com.br\/portal\/index.php\/wp-json\/wp\/v2\/comments?post=16204"}],"version-history":[{"count":1,"href":"https:\/\/dgospel.com.br\/portal\/index.php\/wp-json\/wp\/v2\/posts\/16204\/revisions"}],"predecessor-version":[{"id":16206,"href":"https:\/\/dgospel.com.br\/portal\/index.php\/wp-json\/wp\/v2\/posts\/16204\/revisions\/16206"}],"wp:featuredmedia":[{"embeddable":true,"href":"https:\/\/dgospel.com.br\/portal\/index.php\/wp-json\/wp\/v2\/media\/16205"}],"wp:attachment":[{"href":"https:\/\/dgospel.com.br\/portal\/index.php\/wp-json\/wp\/v2\/media?parent=16204"}],"wp:term":[{"taxonomy":"category","embeddable":true,"href":"https:\/\/dgospel.com.br\/portal\/index.php\/wp-json\/wp\/v2\/categories?post=16204"},{"taxonomy":"post_tag","embeddable":true,"href":"https:\/\/dgospel.com.br\/portal\/index.php\/wp-json\/wp\/v2\/tags?post=16204"}],"curies":[{"name":"wp","href":"https:\/\/api.w.org\/{rel}","templated":true}]}}