{"id":16207,"date":"2023-06-25T23:01:31","date_gmt":"2023-06-26T02:01:31","guid":{"rendered":"http:\/\/dgospel.com.br\/portal\/?p=16207"},"modified":"2023-06-25T23:01:32","modified_gmt":"2023-06-26T02:01:32","slug":"monitoramento-estrategico-de-projetos-prioritarios-do-governo-do-tocantins-avanca-e-esta-em-processo-de-implantacao","status":"publish","type":"post","link":"https:\/\/dgospel.com.br\/portal\/index.php\/2023\/06\/25\/monitoramento-estrategico-de-projetos-prioritarios-do-governo-do-tocantins-avanca-e-esta-em-processo-de-implantacao\/","title":{"rendered":"Monitoramento estrat\u00e9gico de projetos priorit\u00e1rios do Governo do Tocantins avan\u00e7a e est\u00e1 em processo de implanta\u00e7\u00e3o"},"content":{"rendered":"\n<p>Em continuidade aos trabalhos de moderniza\u00e7\u00e3o do servi\u00e7o p\u00fablico e ao programa de monitoramento estrat\u00e9gico dos projetos priorit\u00e1rios do Governo do Tocantins, o Grupo T\u00e9cnico de Governan\u00e7a se reuniu com representantes de cinco pastas na manh\u00e3 desta sexta-feira, 23. A reuni\u00e3o tamb\u00e9m foi um treinamento pr\u00e9vio, onde houve a apresenta\u00e7\u00e3o do trabalho que ser\u00e1 desenvolvido pelos representantes de cada secretaria, al\u00e9m de terem o primeiro contato com o software utilizado no monitoramento, o Target.<\/p>\n\n\n\n<p>O encontro ocorreu na sala de reuni\u00f5es da Ag\u00eancia de Tecnologia da Informa\u00e7\u00e3o (ATI) e contou com membros do grupo t\u00e9cnico de governan\u00e7a em monitoramento estrat\u00e9gico do Governo do Tocantins, ligado ao&nbsp;<br>Grupo Executivo de Governan\u00e7a em Monitoramento Estrat\u00e9gico e representantes das Secretarias de Estado da Agricultura e Pecu\u00e1ria (Seagro); de Turismo (Sectur), de Sa\u00fade (SES-TO), da Educa\u00e7\u00e3o (Seduc) e do Instituto do Desenvolvimento Rural do Tocantins (Ruraltins).<\/p>\n\n\n\n<p>\u201cA governan\u00e7a, em um sentido amplo, nada mais \u00e9 do que a gest\u00e3o caminhar na dire\u00e7\u00e3o dos anseios da popula\u00e7\u00e3o. O governador Wanderlei Barbosa entende que, para al\u00e9m de organizar a gest\u00e3o, o monitoramento estrat\u00e9gico garante que saibamos se os benef\u00edcios est\u00e3o chegando a quem interessa, que \u00e9 a comunidade tocantinense\u201d, esclareceu o presidente do Conselho de Governan\u00e7a (CGov) e secret\u00e1rio-chefe da Casa Civil, Deocleciano Gomes.<\/p>\n\n\n\n<p>\u00c9 importante que as pessoas designadas pelas pastas participem dessas reuni\u00f5es para que o programa seja colocado em pr\u00e1tica. \u201cO que aconteceu hoje foi um alinhamento para conhecer a proposta de trabalho do grupo t\u00e9cnico, que acompanhar\u00e1 de perto cada representante em seu \u00f3rg\u00e3o, al\u00e9m de iniciar o processo da gest\u00e3o de dados no sistema Target, como alimentar e manejar, al\u00e9m de sua funcionalidade\u201d, explicou Simone Brito, chefe da assessoria de governan\u00e7a e gest\u00e3o estrat\u00e9gica da Casa Civil. \u201cN\u00f3s j\u00e1 estamos com alguns projetos inseridos e, agora, esse grupo vai alimentar o programa. Eles j\u00e1 saem daqui com essa miss\u00e3o! Estamos em pleno processo de implanta\u00e7\u00e3o e alimenta\u00e7\u00e3o, at\u00e9 para que possamos gerar os pain\u00e9is de monitoramento que ir\u00e3o subsidiar a tomada de decis\u00e3o do governador\u201d, detalhou.<\/p>\n\n\n\n<p>O governador Wanderlei Barbosa contar\u00e1 com uma central de monitoramento em seu gabinete no qual poder\u00e1 acompanhar, em tempo real e em pain\u00e9is instalados, o andamento de todos os projetos tidos como priorit\u00e1rios e estruturantes das pastas espec\u00edficas. O objetivo \u00e9 fazer com que a Lei de Diretrizes Or\u00e7ament\u00e1rias (LDO) seja executada de forma assertiva e que os projetos relevantes sejam executados com maestria, sem atrasos ou abandonos.<\/p>\n\n\n\n<p>\u201cEssa capacita\u00e7\u00e3o foi inicial. Posteriormente, acontecer\u00e1 um treinamento efetivo. Hoje, ocorreu uma apresenta\u00e7\u00e3o inicial do que \u00e9 o monitoramento estrat\u00e9gico e o primeiro contato com o software Target: como acessar, como entrar, como abrir guias, como consultar, como inserir informa\u00e7\u00f5es, entre outros. Depois, ofertaremos um treinamento com a empresa respons\u00e1vel pelo sistema que, a\u00ed sim, a gente vai aprender cada detalhe do pr\u00f3prio sistema\u201d, pontuou a assessora jur\u00eddica da Casa Civil, Caruline Emanuelle Vaz Resplandes, que atua na assessoria de governan\u00e7a e gest\u00e3o estrat\u00e9gica.<\/p>\n\n\n\n<p>A segunda reuni\u00e3o est\u00e1 marcada para a pr\u00f3xima segunda-feira, 26 de junho, e contar\u00e1 com a presen\u00e7a de representantes das secretarias de Estado do Meio Ambiente e Recursos H\u00eddricos (Semarh); de Planejamento e Or\u00e7amento (Seplan); da Fazenda (Sefaz); da Ag\u00eancia Tocantinense de Transportes, Obras e Infraestrutura (Ageto); e da Secretaria do Trabalho e Desenvolvimento Social (Setas).<\/p>\n\n\n\n<p><img src=\"https:\/\/central.to.gov.br\/image\/335958?w=670&amp;h=383\"><\/p>\n\n\n\n<p>Assessora jur\u00eddica da Casa Civil, Caruline Emanuelle Vaz Resplandes, atualmente faz parte da assessoria de governan\u00e7a e gest\u00e3o estrat\u00e9gica &#8211; Aldemar Ribeiro\/Governo do Tocantins\u00a0<\/p>\n\n\n\n<p><img src=\"https:\/\/central.to.gov.br\/image\/335957?w=670&amp;h=383\"><\/p>\n\n\n\n<p>Assessora de governan\u00e7a e gest\u00e3o estrat\u00e9gica da Casa Civil, Simone Brito, destaca a import\u00e2ncia das pessoas designadas pelas pastas participarem dessas reuni\u00f5es &#8211; Aldemar Ribeiro\/Governo do Tocantins\u00a0<\/p>\n\n\n\n<p><img src=\"https:\/\/central.to.gov.br\/image\/335956?w=670&amp;h=383\"><\/p>\n\n\n\n<p>\u201cA governan\u00e7a, em um sentido amplo, nada mais \u00e9 do que a gest\u00e3o caminhar na dire\u00e7\u00e3o dos anseios da popula\u00e7\u00e3o\u201d, afirmou o presidente do Conselho de Governan\u00e7a (CGov) e secret\u00e1rio-chefe da Casa Civil, Deocleciano Gomes &#8211; Esequias Ara\u00fajo\/Governo do Tocantins\u00a0<\/p>\n","protected":false},"excerpt":{"rendered":"<p>Em continuidade aos trabalhos de moderniza\u00e7\u00e3o do servi\u00e7o p\u00fablico e ao programa de monitoramento estrat\u00e9gico dos projetos priorit\u00e1rios do Governo do Tocantins, o Grupo T\u00e9cnico de Governan\u00e7a se reuniu com representantes de cinco pastas na manh\u00e3 desta sexta-feira, 23. A reuni\u00e3o tamb\u00e9m foi um treinamento pr\u00e9vio, onde houve a apresenta\u00e7\u00e3o do trabalho que ser\u00e1 desenvolvido [&hellip;]<\/p>\n","protected":false},"author":2,"featured_media":16208,"comment_status":"open","ping_status":"open","sticky":false,"template":"","format":"standard","meta":[],"categories":[3],"tags":[13],"_links":{"self":[{"href":"https:\/\/dgospel.com.br\/portal\/index.php\/wp-json\/wp\/v2\/posts\/16207"}],"collection":[{"href":"https:\/\/dgospel.com.br\/portal\/index.php\/wp-json\/wp\/v2\/posts"}],"about":[{"href":"https:\/\/dgospel.com.br\/portal\/index.php\/wp-json\/wp\/v2\/types\/post"}],"author":[{"embeddable":true,"href":"https:\/\/dgospel.com.br\/portal\/index.php\/wp-json\/wp\/v2\/users\/2"}],"replies":[{"embeddable":true,"href":"https:\/\/dgospel.com.br\/portal\/index.php\/wp-json\/wp\/v2\/comments?post=16207"}],"version-history":[{"count":1,"href":"https:\/\/dgospel.com.br\/portal\/index.php\/wp-json\/wp\/v2\/posts\/16207\/revisions"}],"predecessor-version":[{"id":16209,"href":"https:\/\/dgospel.com.br\/portal\/index.php\/wp-json\/wp\/v2\/posts\/16207\/revisions\/16209"}],"wp:featuredmedia":[{"embeddable":true,"href":"https:\/\/dgospel.com.br\/portal\/index.php\/wp-json\/wp\/v2\/media\/16208"}],"wp:attachment":[{"href":"https:\/\/dgospel.com.br\/portal\/index.php\/wp-json\/wp\/v2\/media?parent=16207"}],"wp:term":[{"taxonomy":"category","embeddable":true,"href":"https:\/\/dgospel.com.br\/portal\/index.php\/wp-json\/wp\/v2\/categories?post=16207"},{"taxonomy":"post_tag","embeddable":true,"href":"https:\/\/dgospel.com.br\/portal\/index.php\/wp-json\/wp\/v2\/tags?post=16207"}],"curies":[{"name":"wp","href":"https:\/\/api.w.org\/{rel}","templated":true}]}}