{"id":1621,"date":"2018-10-18T15:53:26","date_gmt":"2018-10-18T18:53:26","guid":{"rendered":"http:\/\/dgospel.com.br\/portal\/?p=1621"},"modified":"2018-10-18T15:53:26","modified_gmt":"2018-10-18T18:53:26","slug":"forcas-de-seguranca-do-tocantins-recebem-a-visita-do-ministro-raul-jungmann-em-palmas","status":"publish","type":"post","link":"https:\/\/dgospel.com.br\/portal\/index.php\/2018\/10\/18\/forcas-de-seguranca-do-tocantins-recebem-a-visita-do-ministro-raul-jungmann-em-palmas\/","title":{"rendered":"For\u00e7as de Seguran\u00e7a do Tocantins recebem a visita do ministro Raul Jungmann em Palmas"},"content":{"rendered":"<p>O ministro de Estado\u00a0da Seguran\u00e7a P\u00fablica, Raul Jungmann, esteve em Palmas, nessa quarta-feira, 17, onde realizou visita \u00e0s instala\u00e7\u00f5es do 22\u00ba Batalh\u00e3o de Infantaria do Ex\u00e9rcito Brasileiro.\u00a0O ministro foi recebido, no aeroporto Lysias Rodrigues, pelo vice-governador Wanderley Barbosa;\u00a0pelo secret\u00e1rio de Estado da Seguran\u00e7a P\u00fablica, Fernando Ubaldo Monteiro Barbosa;\u00a0pelo comandante-geral da Pol\u00edcia Militar, coronel Jaison Veras;\u00a0e demais integrantes da Diretoria da Seguran\u00e7a P\u00fablica do Tocantins.<\/p>\n<p>Na Capital, o ministro Jungmann prestigiou os treinamentos realizados pela Pol\u00edcia Militar, pelo Corpo de Bombeiros e pelo Ex\u00e9rcito Brasileiro, por ocasi\u00e3o do acordo de coopera\u00e7\u00e3o firmado entre o Minist\u00e9rio da Seguran\u00e7a P\u00fablica e da Defesa, o documento deu origem ao Sistema \u00danico de Seguran\u00e7a (Susp), que tem por objetivo oferecer treinamento e coopera\u00e7\u00e3o nas \u00e1reas de intelig\u00eancia e log\u00edstica entre o Ex\u00e9rcito brasileiro e as demais for\u00e7as de seguran\u00e7a do Tocantins.<\/p>\n<p>Esta \u00e9 a primeira vez que o Brasil possui um sistema que trata a Seguran\u00e7a P\u00fablica de forma unificada, possibilitando maior integra\u00e7\u00e3o entre os estados e com uma maior e mais efetiva participa\u00e7\u00e3o da Uni\u00e3o, o que permitir\u00e1 melhor distribui\u00e7\u00e3o de recurso p\u00fablicos, propiciando mais qualidade t\u00e9cnica e profissional \u00e0s for\u00e7as de seguran\u00e7a estaduais.<\/p>\n<p>Ap\u00f3s ser recepcionado pelas autoridades estaduais, o ministro e sua comitiva\u00a0assistiram, no estande de tiros e campo de treinamento do Ex\u00e9rcito, apresenta\u00e7\u00e3o de exerc\u00edcios demonstrativos com armas de muni\u00e7\u00e3o n\u00e3o letal e explosivos para controle de dist\u00farbios realizados por policiais militares e bombeiros, orientados por militares do Ex\u00e9rcito Brasileiro.<\/p>\n<p>O ministro visitou ainda as instala\u00e7\u00f5es do pr\u00e9dio, concedeu entrevistas\u00a0e\u00a0assistiu a apresenta\u00e7\u00e3o da tropa de choque do 22\u00ba Batalh\u00e3o de Infantaria, em uma simula\u00e7\u00e3o de controle de dist\u00farbios.<\/p>\n<p>Embora os treinamentos estejam ocorrendo em todos os estados do Brasil, desde o m\u00eas de abril de 2018, data da assinatura do acordo de coopera\u00e7\u00e3o, esta \u00e9 a primeira vez que Raul Jungmann visita um dos locais de treinamento, sendo Palmas, a cidade escolhida para\u00a0acompanhar de perto as capacita\u00e7\u00f5es.<\/p>\n<p>Raul Jungmann falou sobre sua visita ao Estado do Tocantins e ressaltou o fortalecimento das a\u00e7\u00f5es de combate e enfrentamento \u00e0\u00a0criminalidade e o apoio que o Minist\u00e9rio da Seguran\u00e7a P\u00fablica tem dado \u00e0s for\u00e7as de seguran\u00e7a do Estado.\u00a0\u201c\u00c9 um prazer estar de volta ao Tocantins e sua bela capital, Palmas. N\u00f3s estamos aqui para participar de uma capacita\u00e7\u00e3o conjunta das for\u00e7as de seguran\u00e7a, que est\u00e1 sendo promovida pelo Ex\u00e9rcito Brasileiro \u00e0s for\u00e7as de seguran\u00e7a do Estado, com o objetivo de melhorar a qualidade de interven\u00e7\u00e3o de combate ao crime organizado, com a utiliza\u00e7\u00e3o de equipamentos de atua\u00e7\u00e3o conjunta, para que os \u00f3rg\u00e3os de seguran\u00e7a possam reduzir a viol\u00eancia que \u00e9 a vontade e o desejo de todos aqueles que vivem no Estado\u201d, frisou.<\/p>\n<p>O ministro tamb\u00e9m mencionou que recebeu as demandas da Seguran\u00e7a P\u00fablica do Estado e prometeu atuar em favor das pautas levantadas. \u201cJ\u00e1 marcamos uma reuni\u00e3o, em Bras\u00edlia, com o secret\u00e1rio de Estado da Seguran\u00e7a P\u00fablica, Fernando Ubaldo, para que possamos analisar esses pleitos e procurar equipar, ajudar, fortalecer e capacitar \u00e0s for\u00e7as de seguran\u00e7a do Tocantins, pois esse \u00e9 o papel do Sistema \u00fanico de Seguran\u00e7a e do nosso Minist\u00e9rio\u201d, ressaltou o ministro.<\/p>\n<p>Para o secret\u00e1rio de Estado da Seguran\u00e7a P\u00fablica, delegado Fernando Ubaldo, a visita do ministro a Palmas\u00a0foi muito proveitosa, uma vez que o ministro p\u00f4de avaliar\u00a0<em>in\u00a0loco<\/em>, as a\u00e7\u00f5es da for\u00e7as de seguran\u00e7a que v\u00eam sendo realizadas no Estado:\u00a0\u201cEste contato fortalece o\u00a0plano de integra\u00e7\u00e3o das for\u00e7as de seguran\u00e7a que est\u00e1\u00a0ocorrendo no Estado, objetivando a\u00a0montagem de uma estrutura compartilhada entre as for\u00e7as de seguran\u00e7a, unificando as partes de log\u00edstica, opera\u00e7\u00f5es estudos e intelig\u00eancia. O\u00a0ministro veio conhecer de perto nossa realidade e, se mostrou muito sens\u00edvel e se comprometeu a nos ajudar com as reivindica\u00e7\u00f5es que fizemos a ele no tocante ao fortalecimento das a\u00e7\u00f5es desenvolvidas pelas Pol\u00edcia Civil e Militar em todo o Estado\u201d, concluiu.<\/p>\n<p>Sobre a import\u00e2ncia da visita de Jungmann, o delegado-geral da Pol\u00edcia Civil, Vin\u00edcius Mendes de Oliveira, destacou a consolida\u00e7\u00e3o dos planos de seguran\u00e7a para o Estado. \u201cEssencial para ratificar a integra\u00e7\u00e3o entre as for\u00e7as de seguran\u00e7a e a busca de recursos para o reaparelhamento das nossas institui\u00e7\u00f5es\u201d, concluiu.<\/p>\n","protected":false},"excerpt":{"rendered":"<p>O ministro de Estado\u00a0da Seguran\u00e7a P\u00fablica, Raul Jungmann, esteve em Palmas, nessa quarta-feira, 17, onde realizou visita \u00e0s instala\u00e7\u00f5es do 22\u00ba Batalh\u00e3o de Infantaria do Ex\u00e9rcito Brasileiro.\u00a0O ministro foi recebido, no aeroporto Lysias Rodrigues, pelo vice-governador Wanderley Barbosa;\u00a0pelo secret\u00e1rio de Estado da Seguran\u00e7a P\u00fablica, Fernando Ubaldo Monteiro Barbosa;\u00a0pelo comandante-geral da Pol\u00edcia Militar, coronel Jaison Veras;\u00a0e [&hellip;]<\/p>\n","protected":false},"author":2,"featured_media":1622,"comment_status":"open","ping_status":"open","sticky":false,"template":"","format":"standard","meta":[],"categories":[2,3],"tags":[],"_links":{"self":[{"href":"https:\/\/dgospel.com.br\/portal\/index.php\/wp-json\/wp\/v2\/posts\/1621"}],"collection":[{"href":"https:\/\/dgospel.com.br\/portal\/index.php\/wp-json\/wp\/v2\/posts"}],"about":[{"href":"https:\/\/dgospel.com.br\/portal\/index.php\/wp-json\/wp\/v2\/types\/post"}],"author":[{"embeddable":true,"href":"https:\/\/dgospel.com.br\/portal\/index.php\/wp-json\/wp\/v2\/users\/2"}],"replies":[{"embeddable":true,"href":"https:\/\/dgospel.com.br\/portal\/index.php\/wp-json\/wp\/v2\/comments?post=1621"}],"version-history":[{"count":1,"href":"https:\/\/dgospel.com.br\/portal\/index.php\/wp-json\/wp\/v2\/posts\/1621\/revisions"}],"predecessor-version":[{"id":1623,"href":"https:\/\/dgospel.com.br\/portal\/index.php\/wp-json\/wp\/v2\/posts\/1621\/revisions\/1623"}],"wp:featuredmedia":[{"embeddable":true,"href":"https:\/\/dgospel.com.br\/portal\/index.php\/wp-json\/wp\/v2\/media\/1622"}],"wp:attachment":[{"href":"https:\/\/dgospel.com.br\/portal\/index.php\/wp-json\/wp\/v2\/media?parent=1621"}],"wp:term":[{"taxonomy":"category","embeddable":true,"href":"https:\/\/dgospel.com.br\/portal\/index.php\/wp-json\/wp\/v2\/categories?post=1621"},{"taxonomy":"post_tag","embeddable":true,"href":"https:\/\/dgospel.com.br\/portal\/index.php\/wp-json\/wp\/v2\/tags?post=1621"}],"curies":[{"name":"wp","href":"https:\/\/api.w.org\/{rel}","templated":true}]}}