{"id":16210,"date":"2023-06-28T22:48:17","date_gmt":"2023-06-29T01:48:17","guid":{"rendered":"http:\/\/dgospel.com.br\/portal\/?p=16210"},"modified":"2023-06-28T22:48:18","modified_gmt":"2023-06-29T01:48:18","slug":"planalto-e-itamaraty-celebram-o-orgulho-gay-e-recebem-criticas","status":"publish","type":"post","link":"https:\/\/dgospel.com.br\/portal\/index.php\/2023\/06\/28\/planalto-e-itamaraty-celebram-o-orgulho-gay-e-recebem-criticas\/","title":{"rendered":"Planalto e Itamaraty celebram o Orgulho Gay e recebem cr\u00edticas"},"content":{"rendered":"\n<p>Nesta quarta-feira (28) \u00e9 celebrado o Dia Internacional do Orgulho LGBTQIA+. Para festejar a data, os pal\u00e1cios do Planalto e do Itamaraty, em Bras\u00edlia, foram iluminados com as cores que representam a bandeira gay.<\/p>\n\n\n\n<p>A proje\u00e7\u00e3o de luzes come\u00e7ou no in\u00edcio da noite desta ter\u00e7a (27), mostrando o posicionamento do atual governo para com a comunidade LGBTQ+.<\/p>\n\n\n\n<p>O ministro dos Direitos Humanos e da Cidadania, Silvio Almeida, chegou a comentar sobre a ilumina\u00e7\u00e3o da sede do Poder Executivo, fazendo cr\u00edticas ao governo de Jair Bolsonaro (PL).<\/p>\n\n\n\n<p>\u2013 Iluminar o Pal\u00e1cio do Planalto em tudo que vivemos nestes \u00faltimos anos \u00e9 um ato fundamental que revela uma dimens\u00e3o ideol\u00f3gica, de resist\u00eancia e exist\u00eancia, que para as pessoas que sofrem e s\u00e3o discriminadas \u00e9 algo central \u2013 disse.<\/p>\n\n\n\n<p>Enquanto governistas apoiam a ideia de promover o Dia do Orgulho LGBTQ+, a oposi\u00e7\u00e3o critica a vis\u00e3o do governo Lula sobre o assunto.<\/p>\n\n\n\n<p>O deputado federal Luiz Lima (PL-RJ), por exemplo, comparou, pelas redes sociais, a grande bandeira brasileira que cobriu o Pal\u00e1cio do Planalto em 2022 com as cores do movimento LGBTQ+ que iluminaram o mesmo pr\u00e9dio em 2023.<\/p>\n\n\n\n<p>\u2013 O orgulho agora \u00e9 outr(e). E pensar que a mesma imprensa que aplaude as cores de hoje no Pal\u00e1cio do Planalto e Itamaraty, fizeram coro para retirar a bandeira do Brasil que Bolsonaro estendeu ano passado \u2013 diz a publica\u00e7\u00e3o.<\/p>\n","protected":false},"excerpt":{"rendered":"<p>Nesta quarta-feira (28) \u00e9 celebrado o Dia Internacional do Orgulho LGBTQIA+. Para festejar a data, os pal\u00e1cios do Planalto e do Itamaraty, em Bras\u00edlia, foram iluminados com as cores que representam a bandeira gay. A proje\u00e7\u00e3o de luzes come\u00e7ou no in\u00edcio da noite desta ter\u00e7a (27), mostrando o posicionamento do atual governo para com a [&hellip;]<\/p>\n","protected":false},"author":2,"featured_media":16211,"comment_status":"open","ping_status":"open","sticky":false,"template":"","format":"standard","meta":[],"categories":[10],"tags":[],"_links":{"self":[{"href":"https:\/\/dgospel.com.br\/portal\/index.php\/wp-json\/wp\/v2\/posts\/16210"}],"collection":[{"href":"https:\/\/dgospel.com.br\/portal\/index.php\/wp-json\/wp\/v2\/posts"}],"about":[{"href":"https:\/\/dgospel.com.br\/portal\/index.php\/wp-json\/wp\/v2\/types\/post"}],"author":[{"embeddable":true,"href":"https:\/\/dgospel.com.br\/portal\/index.php\/wp-json\/wp\/v2\/users\/2"}],"replies":[{"embeddable":true,"href":"https:\/\/dgospel.com.br\/portal\/index.php\/wp-json\/wp\/v2\/comments?post=16210"}],"version-history":[{"count":1,"href":"https:\/\/dgospel.com.br\/portal\/index.php\/wp-json\/wp\/v2\/posts\/16210\/revisions"}],"predecessor-version":[{"id":16212,"href":"https:\/\/dgospel.com.br\/portal\/index.php\/wp-json\/wp\/v2\/posts\/16210\/revisions\/16212"}],"wp:featuredmedia":[{"embeddable":true,"href":"https:\/\/dgospel.com.br\/portal\/index.php\/wp-json\/wp\/v2\/media\/16211"}],"wp:attachment":[{"href":"https:\/\/dgospel.com.br\/portal\/index.php\/wp-json\/wp\/v2\/media?parent=16210"}],"wp:term":[{"taxonomy":"category","embeddable":true,"href":"https:\/\/dgospel.com.br\/portal\/index.php\/wp-json\/wp\/v2\/categories?post=16210"},{"taxonomy":"post_tag","embeddable":true,"href":"https:\/\/dgospel.com.br\/portal\/index.php\/wp-json\/wp\/v2\/tags?post=16210"}],"curies":[{"name":"wp","href":"https:\/\/api.w.org\/{rel}","templated":true}]}}