{"id":16213,"date":"2023-06-28T22:52:45","date_gmt":"2023-06-29T01:52:45","guid":{"rendered":"http:\/\/dgospel.com.br\/portal\/?p=16213"},"modified":"2023-06-28T22:52:46","modified_gmt":"2023-06-29T01:52:46","slug":"deputados-pedem-suspensao-do-foro-de-sao-paulo-e-investigacao","status":"publish","type":"post","link":"https:\/\/dgospel.com.br\/portal\/index.php\/2023\/06\/28\/deputados-pedem-suspensao-do-foro-de-sao-paulo-e-investigacao\/","title":{"rendered":"Deputados pedem suspens\u00e3o do Foro de S\u00e3o Paulo e investiga\u00e7\u00e3o"},"content":{"rendered":"\n<p>Marcado para ocorrer entre os dias 29 de junho e 2 de julho em Bras\u00edlia, o Foro de S\u00e3o Paulo virou alvo de representa\u00e7\u00e3o protocolada por parlamentares de oposi\u00e7\u00e3o no Minist\u00e9rio P\u00fablico Federal. Carla Zambelli (PL-SP) e Coronel Meira (PL-PE) pediram que o evento seja suspenso e investigado.<\/p>\n\n\n\n<p>Segundo os congressistas, o Foro representa uma \u201camea\u00e7a \u00e0 ordem jur\u00eddica e ao regime democr\u00e1tico brasileiros, com a recep\u00e7\u00e3o de ideias e ideais autorit\u00e1rios\u201d. Eles solicitam que seja aberta uma investiga\u00e7\u00e3o c\u00edvel ou criminal.<\/p>\n\n\n\n<p>O evento est\u00e1 em sua 26\u00aa edi\u00e7\u00e3o e visa promover um encontro de partidos e organiza\u00e7\u00f5es de esquerda para debater e integrar estrat\u00e9gias de perpetua\u00e7\u00e3o de suas ideologias internacionalmente. O tema deste ano ser\u00e1 a \u201cintegra\u00e7\u00e3o regional para avan\u00e7ar a soberania latino-americana e caribenha\u201d.<\/p>\n\n\n\n<p>Segundo informa\u00e7\u00f5es do Correio Braziliense, delega\u00e7\u00f5es de ao menos 23 na\u00e7\u00f5es j\u00e1 confirmaram presen\u00e7a no evento do grupo criado em 1990.<\/p>\n\n\n\n<p>O jornal afirma que fontes da For\u00e7a A\u00e9rea Brasileira e do Itamaraty relataram que, al\u00e9m do Brasil, participar\u00e3o representantes de Cuba, Venezuela, Nicar\u00e1gua, M\u00e9xico, Col\u00f4mbia, Argentina, Equador, Bol\u00edvia, Peru, Chile, China, \u00cdndia, R\u00fassia, Belarus, Turquia, Alemanha, Espanha, Portugal, Fran\u00e7a, EUA, Ir\u00e3 e Ar\u00e1bia Saudita.<\/p>\n\n\n\n<p><\/p>\n","protected":false},"excerpt":{"rendered":"<p>Marcado para ocorrer entre os dias 29 de junho e 2 de julho em Bras\u00edlia, o Foro de S\u00e3o Paulo virou alvo de representa\u00e7\u00e3o protocolada por parlamentares de oposi\u00e7\u00e3o no Minist\u00e9rio P\u00fablico Federal. Carla Zambelli (PL-SP) e Coronel Meira (PL-PE) pediram que o evento seja suspenso e investigado. Segundo os congressistas, o Foro representa uma [&hellip;]<\/p>\n","protected":false},"author":2,"featured_media":16214,"comment_status":"open","ping_status":"open","sticky":false,"template":"","format":"standard","meta":[],"categories":[8],"tags":[],"_links":{"self":[{"href":"https:\/\/dgospel.com.br\/portal\/index.php\/wp-json\/wp\/v2\/posts\/16213"}],"collection":[{"href":"https:\/\/dgospel.com.br\/portal\/index.php\/wp-json\/wp\/v2\/posts"}],"about":[{"href":"https:\/\/dgospel.com.br\/portal\/index.php\/wp-json\/wp\/v2\/types\/post"}],"author":[{"embeddable":true,"href":"https:\/\/dgospel.com.br\/portal\/index.php\/wp-json\/wp\/v2\/users\/2"}],"replies":[{"embeddable":true,"href":"https:\/\/dgospel.com.br\/portal\/index.php\/wp-json\/wp\/v2\/comments?post=16213"}],"version-history":[{"count":1,"href":"https:\/\/dgospel.com.br\/portal\/index.php\/wp-json\/wp\/v2\/posts\/16213\/revisions"}],"predecessor-version":[{"id":16215,"href":"https:\/\/dgospel.com.br\/portal\/index.php\/wp-json\/wp\/v2\/posts\/16213\/revisions\/16215"}],"wp:featuredmedia":[{"embeddable":true,"href":"https:\/\/dgospel.com.br\/portal\/index.php\/wp-json\/wp\/v2\/media\/16214"}],"wp:attachment":[{"href":"https:\/\/dgospel.com.br\/portal\/index.php\/wp-json\/wp\/v2\/media?parent=16213"}],"wp:term":[{"taxonomy":"category","embeddable":true,"href":"https:\/\/dgospel.com.br\/portal\/index.php\/wp-json\/wp\/v2\/categories?post=16213"},{"taxonomy":"post_tag","embeddable":true,"href":"https:\/\/dgospel.com.br\/portal\/index.php\/wp-json\/wp\/v2\/tags?post=16213"}],"curies":[{"name":"wp","href":"https:\/\/api.w.org\/{rel}","templated":true}]}}