{"id":16216,"date":"2023-06-28T23:11:32","date_gmt":"2023-06-29T02:11:32","guid":{"rendered":"http:\/\/dgospel.com.br\/portal\/?p=16216"},"modified":"2023-06-28T23:11:33","modified_gmt":"2023-06-29T02:11:33","slug":"governador-wanderlei-barbosa-discursa-em-portugal-sobre-mercado-de-carbono","status":"publish","type":"post","link":"https:\/\/dgospel.com.br\/portal\/index.php\/2023\/06\/28\/governador-wanderlei-barbosa-discursa-em-portugal-sobre-mercado-de-carbono\/","title":{"rendered":"Governador Wanderlei Barbosa discursa em Portugal sobre mercado de carbono"},"content":{"rendered":"\n<p>O governador do Tocantins, Wanderlei Barbosa, discursou em mesa de debate durante o 11\u00b0 F\u00f3rum Jur\u00eddico de Lisboa na tarde desta quarta-feira, 28, na capital de Portugal. O l\u00edder do Executivo tocantinense participou de eixo tem\u00e1tico que trata do compromisso p\u00fablico e privado na descarboniza\u00e7\u00e3o. Na oportunidade, Wanderlei exp\u00f4s a pol\u00edtica de com\u00e9rcio de carbono, iniciativa em que o Tocantins \u00e9 pioneiro por meio da estrat\u00e9gia de Redu\u00e7\u00e3o de Emiss\u00f5es provenientes de Desmatamento e Degrada\u00e7\u00e3o Florestal (REDD+).<\/p>\n\n\n\n<p>Em seu pronunciamento, o governador Wanderlei Barbosa destacou as a\u00e7\u00f5es que sua gest\u00e3o tem desenvolvido a fim de promover o fortalecimento das comunidades origin\u00e1rias, bem como de conscientiza\u00e7\u00e3o dos tocantinenses, sobretudo dos produtores rurais, no que se refere \u00e0 preserva\u00e7\u00e3o ambiental. \u201cTudo isso chamou a aten\u00e7\u00e3o de tr\u00eas grandes empresas de abrang\u00eancia mundial, dentre elas, a&nbsp;<em>Mercuria Energy Trading S\/A<\/em>, que ganhou a licita\u00e7\u00e3o para fazer investimentos em nosso territ\u00f3rio\u201d, ressaltou.<\/p>\n\n\n\n<p>Wanderlei Barbosa associou o fato de o Tocantins contar com nove etnias ind\u00edgenas e v\u00e1rias comunidades quilombolas de norte a sul do Estado que mant\u00eam a preserva\u00e7\u00e3o ambiental de seus territ\u00f3rios, bem como a presen\u00e7a de \u00c1reas de Prote\u00e7\u00e3o Ambiental (APA), como \u00e9 o caso dos Parques Estaduais do Cant\u00e3o e Jalap\u00e3o, ao interesse das empresas em negociar o mercado de carbono com a unidade federativa. \u201cO grande desafio do Tocantins, agora, \u00e9 garantir o crescimento econ\u00f4mico de maneira sustent\u00e1vel, porque diversos munic\u00edpios do Vale do Araguaia, por exemplo, t\u00eam buscado o crescimento por meio do agroneg\u00f3cio\u201d, indagou o gestor, ao salientar os programas de conscientiza\u00e7\u00e3o ambiental desenvolvidos pela Secretaria de Estado do Meio Ambiente e Recursos H\u00eddricos (Semarh).<\/p>\n\n\n\n<p><strong>Mercado de Carbono no Tocantins<\/strong><\/p>\n\n\n\n<p>Enquanto instrumento econ\u00f4mico de Pagamento por Servi\u00e7os Ambientais (PSA), o REDD+ \u00e9 uma grande oportunidade de neg\u00f3cios. O Tocantins possui cr\u00e9ditos de carbono aprovados pela Conaredd+ [Comiss\u00e3o Nacional de REDD+] e soma cr\u00e9ditos na ordem de 245 milh\u00f5es de toneladas de CO\u00b2. At\u00e9 o momento, n\u00e3o houve uma transa\u00e7\u00e3o de cr\u00e9dito de carbono florestal jurisdicional no Brasil na modalidade de mercado volunt\u00e1rio, mas o Tocantins caminha para a efetiva\u00e7\u00e3o da transa\u00e7\u00e3o em breve. A aten\u00e7\u00e3o dada pela gest\u00e3o de Wanderlei Barbosa a esta pauta tem amparo da legisla\u00e7\u00e3o, al\u00e9m de consider\u00e1vel import\u00e2ncia para a quest\u00e3o clim\u00e1tica, para o meio ambiente e para a popula\u00e7\u00e3o tocantinense.<\/p>\n\n\n\n<p>No dia 5 de junho, o Tocantins assinou um hist\u00f3rico acordo t\u00e9cnico e comercial com a&nbsp;<em>Mercuria Energy Trading S\/A<\/em>, e se tornou o primeiro estado subnacional do planeta a transacionar seus cr\u00e9ditos de carbono no mercado volunt\u00e1rio internacional. \u201cNeste pr\u00f3ximo final de semana, receberemos os t\u00e9cnicos da Mercuria, para conhecer algumas comunidades tradicionais na regi\u00e3o do Jalap\u00e3o. A empresa su\u00ed\u00e7a far\u00e1 um investimento inicial de R$ 42 milh\u00f5es, com o objetivo de fomentar projetos\u201d, explicou Wanderlei Barbosa, durante sua fala na Mesa de Debates.&nbsp;<\/p>\n\n\n\n<p>Al\u00e9m da comercializa\u00e7\u00e3o do cr\u00e9dito de carbono, o Governo do Tocantins tem como objetivo criar, por meio de um processo participativo entre a gest\u00e3o p\u00fablica e o setor produtivo, um programa estadual de incentivos para fomentar e premiar a manuten\u00e7\u00e3o, prote\u00e7\u00e3o, regenera\u00e7\u00e3o\/restaura\u00e7\u00e3o de florestas e a produ\u00e7\u00e3o sustent\u00e1vel. Para isso, ser\u00e3o utilizados recursos financeiros alocados para o setor produtivo advindos da venda de cr\u00e9ditos de carbono do programa estadual de REDD+ jurisdicional.<\/p>\n\n\n\n<p>A gest\u00e3o p\u00fablica e a iniciativa privada estabelecem, dessa forma, prioridades para impulsionar um agroneg\u00f3cio sustent\u00e1vel com recursos do REDD+.&nbsp;Para isso, um projeto-piloto ser\u00e1 desenvolvido no Estado com 75 produtores de soja, com recursos do Fundo de Inova\u00e7\u00e3o da Terra &#8211; LIF (<em>Land Innovation Fund<\/em>), captados pela EII, em parceria com a Taxo e a iniciativa Produzindo Certo, que atuar\u00e3o na articula\u00e7\u00e3o com o setor produtivo.<\/p>\n\n\n\n<p><strong>F\u00f3rum Jur\u00eddico de Lisboa<\/strong><\/p>\n\n\n\n<p>O 11\u00b0 F\u00f3rum Jur\u00eddico de Lisboa tem como tema&nbsp;<em>Governan\u00e7a e Constitucionalismo Digital&nbsp;<\/em>e re\u00fane juristas, autoridades e representantes da sociedade civil organizada. O evento ocorre desde o \u00faltimo dia 26 e segue at\u00e9 esta quarta-feira, 28, com mesas que visam debater grandes quest\u00f5es do Direito no Estado contempor\u00e2neo, abordando um panorama sobre a rela\u00e7\u00e3o entre os principais aspectos associados \u00e0 gest\u00e3o p\u00fablica e democracia, bem como princ\u00edpios, plataformas, metodologias, processos e tecnologias digitais. O F\u00f3rum se encerra no final da tarde desta quarta-feira, 28, com a realiza\u00e7\u00e3o da \u00faltima mesa de debate \u00e0s 17h30, hor\u00e1rio de Lisboa (PT).<\/p>\n\n\n\n<p>A mesa da qual o governador Wanderlei Barbosa fez parte contou com a presen\u00e7a do ministro do Superior Tribunal de Justi\u00e7a (STJ) do Brasil, Mauro Luiz Campbell Marques; do desembargador Federal do Tribunal Regional Federal (TRF) da 6\u00aa Regi\u00e3o, \u200dFl\u00e1vio Boson Gambogi; do governador do Par\u00e1, Helder Barbalho; do Chairman &amp;&nbsp;<em>Co-Ceo FutureCarbon Group,<\/em>&nbsp;F\u00e1bio Galindo; e da diretora Jur\u00eddica da Cosan S.A., Maria Rita Drummond.<\/p>\n\n\n\n<p>Com tem\u00e1ticas transversais, o evento busca uma maior compreens\u00e3o do debate atual sobre a avalia\u00e7\u00e3o dos impactos socioecon\u00f4micos gerados pelo avan\u00e7o tecnol\u00f3gico, juntamente com as mudan\u00e7as sociais e ambientais. O F\u00f3rum Jur\u00eddico de Lisboa \u00e9 organizado pelo Instituto Brasileiro de Ensino, Desenvolvimento e Pesquisa (IDP); pelo Instituto de Ci\u00eancias Jur\u00eddico-Pol\u00edticas da Faculdade de Direito da Universidade de Lisboa (ICJP); e pelo Centro de Inova\u00e7\u00e3o, Administra\u00e7\u00e3o e Pesquisa do Judici\u00e1rio da FGV Conhecimento (CIAPJ\/FGV).<\/p>\n\n\n\n<p><img src=\"https:\/\/central.to.gov.br\/image\/336612?w=670&amp;h=383\"><\/p>\n\n\n\n<p>O 11\u00b0 F\u00f3rum Jur\u00eddico de Lisboa tem como tema Governan\u00e7a e Constitucionalismo Digital e re\u00fane juristas, autoridades e representantes da sociedade civil organizada &#8211; Marcio Rocha\/Governo do Tocantins\u00a0<\/p>\n\n\n\n<p><img src=\"https:\/\/central.to.gov.br\/image\/336611?w=670&amp;h=383\"><\/p>\n\n\n\n<p>Em Lisboa, o l\u00edder do Executivo tocantinense participou de eixo tem\u00e1tico que trata do compromisso p\u00fablico e privado na descarboniza\u00e7\u00e3o &#8211; Marcio Rocha\/Governo do Tocantins\u00a0<\/p>\n","protected":false},"excerpt":{"rendered":"<p>O governador do Tocantins, Wanderlei Barbosa, discursou em mesa de debate durante o 11\u00b0 F\u00f3rum Jur\u00eddico de Lisboa na tarde desta quarta-feira, 28, na capital de Portugal. O l\u00edder do Executivo tocantinense participou de eixo tem\u00e1tico que trata do compromisso p\u00fablico e privado na descarboniza\u00e7\u00e3o. Na oportunidade, Wanderlei exp\u00f4s a pol\u00edtica de com\u00e9rcio de carbono, [&hellip;]<\/p>\n","protected":false},"author":2,"featured_media":16217,"comment_status":"open","ping_status":"open","sticky":false,"template":"","format":"standard","meta":[],"categories":[3],"tags":[13],"_links":{"self":[{"href":"https:\/\/dgospel.com.br\/portal\/index.php\/wp-json\/wp\/v2\/posts\/16216"}],"collection":[{"href":"https:\/\/dgospel.com.br\/portal\/index.php\/wp-json\/wp\/v2\/posts"}],"about":[{"href":"https:\/\/dgospel.com.br\/portal\/index.php\/wp-json\/wp\/v2\/types\/post"}],"author":[{"embeddable":true,"href":"https:\/\/dgospel.com.br\/portal\/index.php\/wp-json\/wp\/v2\/users\/2"}],"replies":[{"embeddable":true,"href":"https:\/\/dgospel.com.br\/portal\/index.php\/wp-json\/wp\/v2\/comments?post=16216"}],"version-history":[{"count":1,"href":"https:\/\/dgospel.com.br\/portal\/index.php\/wp-json\/wp\/v2\/posts\/16216\/revisions"}],"predecessor-version":[{"id":16218,"href":"https:\/\/dgospel.com.br\/portal\/index.php\/wp-json\/wp\/v2\/posts\/16216\/revisions\/16218"}],"wp:featuredmedia":[{"embeddable":true,"href":"https:\/\/dgospel.com.br\/portal\/index.php\/wp-json\/wp\/v2\/media\/16217"}],"wp:attachment":[{"href":"https:\/\/dgospel.com.br\/portal\/index.php\/wp-json\/wp\/v2\/media?parent=16216"}],"wp:term":[{"taxonomy":"category","embeddable":true,"href":"https:\/\/dgospel.com.br\/portal\/index.php\/wp-json\/wp\/v2\/categories?post=16216"},{"taxonomy":"post_tag","embeddable":true,"href":"https:\/\/dgospel.com.br\/portal\/index.php\/wp-json\/wp\/v2\/tags?post=16216"}],"curies":[{"name":"wp","href":"https:\/\/api.w.org\/{rel}","templated":true}]}}