{"id":16225,"date":"2023-06-29T09:01:53","date_gmt":"2023-06-29T12:01:53","guid":{"rendered":"http:\/\/dgospel.com.br\/portal\/?p=16225"},"modified":"2023-06-29T09:01:54","modified_gmt":"2023-06-29T12:01:54","slug":"andre-mendonca-aponta-perseguicao-no-julgamento-de-inelegibilidade-de-bolsonaro-no-tse","status":"publish","type":"post","link":"https:\/\/dgospel.com.br\/portal\/index.php\/2023\/06\/29\/andre-mendonca-aponta-perseguicao-no-julgamento-de-inelegibilidade-de-bolsonaro-no-tse\/","title":{"rendered":"Andr\u00e9 Mendon\u00e7a aponta \u2018persegui\u00e7\u00e3o\u2019 no julgamento de inelegibilidade de Bolsonaro no TSE"},"content":{"rendered":"\n<p>Andr\u00e9 Mendon\u00e7a, ministro do Supremo Tribunal Federal (STF), afirmou n\u00e3o compactuar com o que classificou como \u201cpersegui\u00e7\u00e3o\u201d em rela\u00e7\u00e3o \u00e0 vota\u00e7\u00e3o do ministro Benedito Gon\u00e7alves do Tribunal Superior Eleitoral (TSE). Gon\u00e7alves votou pela inelegibilidade do ex-presidente Jair Bolsonaro por 8 anos devido a cr\u00edticas ao processo eleitoral brasileiro durante uma reuni\u00e3o com embaixadores.<\/p>\n\n\n\n<p><a href=\"https:\/\/www.assembleia.pr.leg.br\/assembleia-itinerante\/sugestao-de-melhorias-para-sua-cidade\" target=\"_blank\" rel=\"noreferrer noopener\"><\/a><\/p>\n\n\n\n<p>Mendon\u00e7a, que foi nomeado para o STF por Bolsonaro, fez as declara\u00e7\u00f5es em Portugal, onde estava participando do F\u00f3rum Jur\u00eddico de Lisboa nesta quarta-feira (28).<\/p>\n\n\n\n<p>O ministro afirmou esperar por um julgamento justo, onde os direitos n\u00e3o sejam infringidos com base em discord\u00e2ncias ideol\u00f3gicas, seja por conveni\u00eancia ou circunst\u00e2ncias.<\/p>\n\n\n\n<p>Mendon\u00e7a disse: \u201cN\u00e3o acompanhei o julgamento, vi rapidamente pela imprensa. Voto numa dire\u00e7\u00e3o prejudicial ao ex-presidente\u2026 O que espero \u00e9 um julgamento justo. Assim como n\u00f3s n\u00e3o queremos persegui\u00e7\u00e3o para um lado, assim como se critica persegui\u00e7\u00e3o a certos atores pol\u00edticos, n\u00f3s n\u00e3o podemos, por conveni\u00eancia ou circunst\u00e2ncia, compactuarmos com atitudes que n\u00e3o garantam os mesmos direitos de defesa e de justi\u00e7a para quem n\u00e3o pensa ideologicamente como n\u00f3s\u201d.<\/p>\n","protected":false},"excerpt":{"rendered":"<p>Andr\u00e9 Mendon\u00e7a, ministro do Supremo Tribunal Federal (STF), afirmou n\u00e3o compactuar com o que classificou como \u201cpersegui\u00e7\u00e3o\u201d em rela\u00e7\u00e3o \u00e0 vota\u00e7\u00e3o do ministro Benedito Gon\u00e7alves do Tribunal Superior Eleitoral (TSE). Gon\u00e7alves votou pela inelegibilidade do ex-presidente Jair Bolsonaro por 8 anos devido a cr\u00edticas ao processo eleitoral brasileiro durante uma reuni\u00e3o com embaixadores. Mendon\u00e7a, que [&hellip;]<\/p>\n","protected":false},"author":2,"featured_media":16226,"comment_status":"open","ping_status":"open","sticky":false,"template":"","format":"standard","meta":[],"categories":[10],"tags":[],"_links":{"self":[{"href":"https:\/\/dgospel.com.br\/portal\/index.php\/wp-json\/wp\/v2\/posts\/16225"}],"collection":[{"href":"https:\/\/dgospel.com.br\/portal\/index.php\/wp-json\/wp\/v2\/posts"}],"about":[{"href":"https:\/\/dgospel.com.br\/portal\/index.php\/wp-json\/wp\/v2\/types\/post"}],"author":[{"embeddable":true,"href":"https:\/\/dgospel.com.br\/portal\/index.php\/wp-json\/wp\/v2\/users\/2"}],"replies":[{"embeddable":true,"href":"https:\/\/dgospel.com.br\/portal\/index.php\/wp-json\/wp\/v2\/comments?post=16225"}],"version-history":[{"count":1,"href":"https:\/\/dgospel.com.br\/portal\/index.php\/wp-json\/wp\/v2\/posts\/16225\/revisions"}],"predecessor-version":[{"id":16227,"href":"https:\/\/dgospel.com.br\/portal\/index.php\/wp-json\/wp\/v2\/posts\/16225\/revisions\/16227"}],"wp:featuredmedia":[{"embeddable":true,"href":"https:\/\/dgospel.com.br\/portal\/index.php\/wp-json\/wp\/v2\/media\/16226"}],"wp:attachment":[{"href":"https:\/\/dgospel.com.br\/portal\/index.php\/wp-json\/wp\/v2\/media?parent=16225"}],"wp:term":[{"taxonomy":"category","embeddable":true,"href":"https:\/\/dgospel.com.br\/portal\/index.php\/wp-json\/wp\/v2\/categories?post=16225"},{"taxonomy":"post_tag","embeddable":true,"href":"https:\/\/dgospel.com.br\/portal\/index.php\/wp-json\/wp\/v2\/tags?post=16225"}],"curies":[{"name":"wp","href":"https:\/\/api.w.org\/{rel}","templated":true}]}}