{"id":16232,"date":"2023-06-29T09:08:04","date_gmt":"2023-06-29T12:08:04","guid":{"rendered":"http:\/\/dgospel.com.br\/portal\/?p=16232"},"modified":"2023-06-29T09:08:05","modified_gmt":"2023-06-29T12:08:05","slug":"mais-de-150-cristaos-foram-mortos-na-nigeria-e-30-000-estao-deslocados","status":"publish","type":"post","link":"https:\/\/dgospel.com.br\/portal\/index.php\/2023\/06\/29\/mais-de-150-cristaos-foram-mortos-na-nigeria-e-30-000-estao-deslocados\/","title":{"rendered":"Mais de 150 crist\u00e3os foram mortos na Nig\u00e9ria e 30.000 est\u00e3o deslocados"},"content":{"rendered":"\n<p>De acordo com o Morning Star News, terroristas Fulani, no estado de Plateau,&nbsp;<a href=\"https:\/\/guiame.com.br\/gospel\/missoes-acao-social\/continuam-matando-diariamente-15-cristaos-sao-mortos-em-ataque-na-nigeria.html\"><strong>na Nig\u00e9ria<\/strong><\/a>, mataram mais de 150 crist\u00e3os nas primeiras tr\u00eas semanas de junho, incluindo um pastor.<\/p>\n\n\n\n<p>O assassinato de Nichodemus Kim, da Igreja de Cristo nas Na\u00e7\u00f5es (COCIN) em Gana-Ropp, no dia 11 de junho, elevou para 3 o n\u00famero de&nbsp;<a href=\"https:\/\/guiame.com.br\/gospel\/missoes-acao-social\/700-cristaos-foram-massacrados-na-nigeria-somente-em-maio.html\"><strong>pastores mortos em ataques<\/strong><\/a>&nbsp;recentes no estado de Plateau.<\/p>\n\n\n\n<p>Conforme o governador Caleb Manasseh Mutfwang, h\u00e1 cerca de 30.000 pessoas espalhadas em v\u00e1rios campos de&nbsp;<a href=\"https:\/\/guiame.com.br\/gospel\/missoes-acao-social\/46-cristaos-sao-mortos-em-ataque-terrorista-nigeria-esta-chorando.html\"><strong>deslocados internos<\/strong><\/a>&nbsp;e o governo ter\u00e1 que dar conta delas.&nbsp;<\/p>\n\n\n\n<p><strong>\u2018Alguns crist\u00e3os foram queimados vivos\u2019<\/strong><\/p>\n\n\n\n<p>Conforme os moradores dos condados de Mangu, Barkin Ladi e Riyom, os terroristas destru\u00edram dezenas de casas pertencentes a crist\u00e3os, junto com um pr\u00e9dio de culto da COCIN, nas primeiras tr\u00eas semanas do m\u00eas.<\/p>\n\n\n\n<p>No dia 20 de junho houve um ataque nos condados citados, onde \u201c15 pessoas foram mortas nas comunidades predominantemente crist\u00e3s de Bwoi e Chisu\u201d, conforme especificou Bamshak Ishaya, um dos moradores.&nbsp;<\/p>\n\n\n\n<p>Ele tamb\u00e9m contou que os criminosos s\u00e3o mu\u00e7ulmanos e pastores Fulani: \u201cEles atacaram as nossas aldeias enquanto dorm\u00edamos, por volta das 23hs. Incendiaram nossas casas, uma igreja e os escrit\u00f3rios do Conselho Regional do COCIN em Bwoi\u201d.&nbsp;<\/p>\n\n\n\n<p>\u201cAlgumas das v\u00edtimas crist\u00e3s foram queimadas vivas em suas casas enquanto os extremistas ateavam fogo em tudo\u201d, lamentou.&nbsp;<\/p>\n\n\n\n<p><strong>\u2018A guerra foi declarada contra os crist\u00e3os\u2019<\/strong><\/p>\n\n\n\n<p>\u201cTudo o que posso dizer \u00e9 que a guerra foi declarada contra os crist\u00e3os em Mangu\u201d, disse Bala Fwangje, o legislador que representa a \u00e1rea na Assembleia Estadual do Planalto.<\/p>\n\n\n\n<p>\u201cOs terroristas est\u00e3o apenas atacando e matando crist\u00e3os na maioria das comunidades ao redor de Mangu. Os ataques come\u00e7aram na ter\u00e7a-feira, 20 de junho, na comunidade de Bwoi, e depois se espalharam para a cidade de Mangu e \u00e1reas de Sabon Gari. Os crist\u00e3os aqui realmente precisam de ajuda\u201d, continuou.&nbsp;<\/p>\n\n\n\n<p>Markus Artu, membro do Conselho do Governo Local de Mangu, confirmou os ataques em um comunicado \u00e0 imprensa.&nbsp;<\/p>\n\n\n\n<p>A Nig\u00e9ria liderou o mundo em crist\u00e3os mortos por sua f\u00e9 em 2022, com 5.014, de acordo com o relat\u00f3rio da Portas Abertas. Tamb\u00e9m liderou o mundo em crist\u00e3os sequestrados (4.726), agredidos ou assediados sexualmente, casados \u200b\u200b\u00e0 for\u00e7a ou abusados \u200b\u200bf\u00edsica ou mentalmente, e teve o maior n\u00famero de casas e empresas atacadas por motivos religiosos.<\/p>\n\n\n\n<p>Como no ano anterior, a Nig\u00e9ria teve o segundo maior n\u00famero de ataques a igrejas e deslocados internos. O pa\u00eds ocupa o 6\u00ba lugar na Lista Mundial da Persegui\u00e7\u00e3o, liderando entre as 10 na\u00e7\u00f5es que mais hostilizam os crist\u00e3os.<\/p>\n","protected":false},"excerpt":{"rendered":"<p>De acordo com o Morning Star News, terroristas Fulani, no estado de Plateau,&nbsp;na Nig\u00e9ria, mataram mais de 150 crist\u00e3os nas primeiras tr\u00eas semanas de junho, incluindo um pastor. O assassinato de Nichodemus Kim, da Igreja de Cristo nas Na\u00e7\u00f5es (COCIN) em Gana-Ropp, no dia 11 de junho, elevou para 3 o n\u00famero de&nbsp;pastores mortos em [&hellip;]<\/p>\n","protected":false},"author":2,"featured_media":16233,"comment_status":"open","ping_status":"open","sticky":false,"template":"","format":"standard","meta":[],"categories":[16],"tags":[],"_links":{"self":[{"href":"https:\/\/dgospel.com.br\/portal\/index.php\/wp-json\/wp\/v2\/posts\/16232"}],"collection":[{"href":"https:\/\/dgospel.com.br\/portal\/index.php\/wp-json\/wp\/v2\/posts"}],"about":[{"href":"https:\/\/dgospel.com.br\/portal\/index.php\/wp-json\/wp\/v2\/types\/post"}],"author":[{"embeddable":true,"href":"https:\/\/dgospel.com.br\/portal\/index.php\/wp-json\/wp\/v2\/users\/2"}],"replies":[{"embeddable":true,"href":"https:\/\/dgospel.com.br\/portal\/index.php\/wp-json\/wp\/v2\/comments?post=16232"}],"version-history":[{"count":1,"href":"https:\/\/dgospel.com.br\/portal\/index.php\/wp-json\/wp\/v2\/posts\/16232\/revisions"}],"predecessor-version":[{"id":16234,"href":"https:\/\/dgospel.com.br\/portal\/index.php\/wp-json\/wp\/v2\/posts\/16232\/revisions\/16234"}],"wp:featuredmedia":[{"embeddable":true,"href":"https:\/\/dgospel.com.br\/portal\/index.php\/wp-json\/wp\/v2\/media\/16233"}],"wp:attachment":[{"href":"https:\/\/dgospel.com.br\/portal\/index.php\/wp-json\/wp\/v2\/media?parent=16232"}],"wp:term":[{"taxonomy":"category","embeddable":true,"href":"https:\/\/dgospel.com.br\/portal\/index.php\/wp-json\/wp\/v2\/categories?post=16232"},{"taxonomy":"post_tag","embeddable":true,"href":"https:\/\/dgospel.com.br\/portal\/index.php\/wp-json\/wp\/v2\/tags?post=16232"}],"curies":[{"name":"wp","href":"https:\/\/api.w.org\/{rel}","templated":true}]}}