{"id":16239,"date":"2023-06-29T09:58:15","date_gmt":"2023-06-29T12:58:15","guid":{"rendered":"http:\/\/dgospel.com.br\/portal\/?p=16239"},"modified":"2023-06-29T09:58:16","modified_gmt":"2023-06-29T12:58:16","slug":"projeto-de-lei-pode-isentar-igrejas-de-impostos-federais-de-materiais-de-construcao","status":"publish","type":"post","link":"https:\/\/dgospel.com.br\/portal\/index.php\/2023\/06\/29\/projeto-de-lei-pode-isentar-igrejas-de-impostos-federais-de-materiais-de-construcao\/","title":{"rendered":"Projeto de Lei pode isentar igrejas de impostos federais de materiais de constru\u00e7\u00e3o"},"content":{"rendered":"\n<p>Um Projeto de Lei que est\u00e1 em tramita\u00e7\u00e3o no&nbsp;<strong><a href=\"https:\/\/folhagospel.com\/congresso-nacional-homenageia-assembleia-de-deus-da-amazonia-pelo-seu-centenario\/\" target=\"_blank\" rel=\"noreferrer noopener\">Congresso Nacional<\/a><\/strong>&nbsp;quer isentar impostos dos materiais que ser\u00e3o usados para a edifica\u00e7\u00e3o e estrutura\u00e7\u00e3o de igrejas e templos religiosos.<\/p>\n\n\n\n<p>O PL diz na ementa: Disp\u00f5e sobre a isen\u00e7\u00e3o do Imposto sobre Produtos Industrializados (IPI) e do Imposto de Importa\u00e7\u00e3o (II) para todo material de constru\u00e7\u00e3o, obra de arte ou objeto decorativo considerado sagrado e\/ou de valor hist\u00f3rico cultural, importados para a reprodu\u00e7\u00e3o de templos religiosos ou lugares sagrados, em raz\u00e3o do simbolismo religioso para seus fi\u00e9is, contribuindo para estimular o turismo religioso no pa\u00eds.<\/p>\n\n\n\n<p>Ainda conforme consta, caber\u00e1 ao Poder Executivo calcular o montante de ren\u00fancia fiscal representado pela desonera\u00e7\u00e3o, incluindo o valor na primeira proposta or\u00e7ament\u00e1ria apresentada ap\u00f3s a publica\u00e7\u00e3o da lei decorrente do projeto.<\/p>\n\n\n\n<p>O texto diz ainda que a isen\u00e7\u00e3o entrar\u00e1 em vigor no ano seguinte \u00e0 inclus\u00e3o do impacto financeiro na proposta or\u00e7ament\u00e1ria. Na \u00faltima semana, o&nbsp;<strong><a href=\"https:\/\/www.camara.leg.br\/proposicoesWeb\/fichadetramitacao?idProposicao=945873\" target=\"_blank\" rel=\"noreferrer noopener\">Projeto de Lei 181\/15<\/a><\/strong>&nbsp;foi aprovado pela Comiss\u00e3o de Cultura da C\u00e2mara dos Deputados.<\/p>\n\n\n\n<p>Relator, o deputado Aureo Ribeiro (Solidariedade-RJ) acolheu a sugest\u00e3o do deputado Tarc\u00edsio Motta (Psol-RJ) e retirou do texto a palavra \u201csagrado\u201d. A ideia \u00e9 evitar qualquer limita\u00e7\u00e3o da isen\u00e7\u00e3o \u00e0 defini\u00e7\u00e3o do que \u00e9 ou n\u00e3o sagrado.<\/p>\n\n\n\n<p>No parecer, Ribeiro afirmou que o projeto \u201ccontribuir\u00e1 para a preserva\u00e7\u00e3o hist\u00f3rica e cultural desse rico patrim\u00f4nio e para a promo\u00e7\u00e3o de festas, rituais e comemora\u00e7\u00f5es que nele se realizam\u201d.<\/p>\n\n\n\n<p>O relator pontuou ainda que as isen\u00e7\u00f5es v\u00e3o favorecer o turismo religioso. O projeto tramita em car\u00e1ter conclusivo e ser\u00e1 ainda analisado pelas comiss\u00f5es de Finan\u00e7as e Tributa\u00e7\u00e3o e de Constitui\u00e7\u00e3o e Justi\u00e7a e de Cidadania.<\/p>\n\n\n\n<p><strong>Fonte: Enfoque MS e Portal da C\u00e2mara dos Deputados<\/strong><\/p>\n","protected":false},"excerpt":{"rendered":"<p>Um Projeto de Lei que est\u00e1 em tramita\u00e7\u00e3o no&nbsp;Congresso Nacional&nbsp;quer isentar impostos dos materiais que ser\u00e3o usados para a edifica\u00e7\u00e3o e estrutura\u00e7\u00e3o de igrejas e templos religiosos. O PL diz na ementa: Disp\u00f5e sobre a isen\u00e7\u00e3o do Imposto sobre Produtos Industrializados (IPI) e do Imposto de Importa\u00e7\u00e3o (II) para todo material de constru\u00e7\u00e3o, obra de [&hellip;]<\/p>\n","protected":false},"author":2,"featured_media":16240,"comment_status":"open","ping_status":"open","sticky":false,"template":"","format":"standard","meta":[],"categories":[8],"tags":[],"_links":{"self":[{"href":"https:\/\/dgospel.com.br\/portal\/index.php\/wp-json\/wp\/v2\/posts\/16239"}],"collection":[{"href":"https:\/\/dgospel.com.br\/portal\/index.php\/wp-json\/wp\/v2\/posts"}],"about":[{"href":"https:\/\/dgospel.com.br\/portal\/index.php\/wp-json\/wp\/v2\/types\/post"}],"author":[{"embeddable":true,"href":"https:\/\/dgospel.com.br\/portal\/index.php\/wp-json\/wp\/v2\/users\/2"}],"replies":[{"embeddable":true,"href":"https:\/\/dgospel.com.br\/portal\/index.php\/wp-json\/wp\/v2\/comments?post=16239"}],"version-history":[{"count":1,"href":"https:\/\/dgospel.com.br\/portal\/index.php\/wp-json\/wp\/v2\/posts\/16239\/revisions"}],"predecessor-version":[{"id":16241,"href":"https:\/\/dgospel.com.br\/portal\/index.php\/wp-json\/wp\/v2\/posts\/16239\/revisions\/16241"}],"wp:featuredmedia":[{"embeddable":true,"href":"https:\/\/dgospel.com.br\/portal\/index.php\/wp-json\/wp\/v2\/media\/16240"}],"wp:attachment":[{"href":"https:\/\/dgospel.com.br\/portal\/index.php\/wp-json\/wp\/v2\/media?parent=16239"}],"wp:term":[{"taxonomy":"category","embeddable":true,"href":"https:\/\/dgospel.com.br\/portal\/index.php\/wp-json\/wp\/v2\/categories?post=16239"},{"taxonomy":"post_tag","embeddable":true,"href":"https:\/\/dgospel.com.br\/portal\/index.php\/wp-json\/wp\/v2\/tags?post=16239"}],"curies":[{"name":"wp","href":"https:\/\/api.w.org\/{rel}","templated":true}]}}