{"id":1624,"date":"2018-10-18T15:55:59","date_gmt":"2018-10-18T18:55:59","guid":{"rendered":"http:\/\/dgospel.com.br\/portal\/?p=1624"},"modified":"2018-10-18T15:55:59","modified_gmt":"2018-10-18T18:55:59","slug":"governador-e-bancada-federal-discutem-prioridades-para-destinacao-de-emendas","status":"publish","type":"post","link":"https:\/\/dgospel.com.br\/portal\/index.php\/2018\/10\/18\/governador-e-bancada-federal-discutem-prioridades-para-destinacao-de-emendas\/","title":{"rendered":"Governador e bancada federal discutem prioridades para destina\u00e7\u00e3o de emendas"},"content":{"rendered":"<p>Sa\u00fade, Educa\u00e7\u00e3o e Seguran\u00e7a P\u00fablica s\u00e3o prioridades para o Governo do Tocantins. \u00c9 isso que afirmou o governador Mauro Carlesse, em Bras\u00edlia (DF), nessa quarta-feira, 17, durante a reuni\u00e3o com a Bancada Federal do Estado. O encontro ocorreu para discutir a destina\u00e7\u00e3o dos recursos de Emendas de Bancada que o Estado tem direito para o ano de 2019, conforme a Lei Or\u00e7ament\u00e1ria Anual (LOA).<\/p>\n<p>Para o governador, o momento \u00e9 de unir as for\u00e7as em favor do Tocantins. &#8220;\u00c9 sempre bom ter a Bancada reunida e, com a mudan\u00e7a na Bancada, queremos juntar todos os deputados e senadores com um \u00fanico objetivo:\u00a0 ajudar o Estado do Tocantins. A minha obriga\u00e7\u00e3o \u00e9 fazer com que essas reuni\u00f5es sejam cada vez mais frequentes, para n\u00e3o haver divis\u00e3o de parlamentares e n\u00e3o prejudicar o nosso Estado, pelo contr\u00e1rio, vamos juntar as for\u00e7as&#8221;, afirmou.<\/p>\n<p>No que diz respeito \u00e0s prioridades para o Estado, o governador garantiu que a primazia ser\u00e1 na \u00e1rea da educa\u00e7\u00e3o, sa\u00fade e seguran\u00e7a p\u00fablica. &#8220;Estamos trabalhando bastante para que a gente consiga o m\u00e1ximo que puder dessas emendas para sa\u00fade, seguran\u00e7a p\u00fablica e educa\u00e7\u00e3o. O nosso trabalho \u00e9 unificar o Estado de forma que todos os parlamentares tenham compromisso com o que foi dito no per\u00edodo eleitoral e cumprir com os compromissos. Para isso \u00e9 que estamos juntos&#8221;, concluiu o governador.<\/p>\n<p><strong>Entenda a Lei Or\u00e7ament\u00e1ria Anual<\/strong><\/p>\n<p>Na LOA, constam todos os gastos que o Governo do Federal ir\u00e1 fazer durante todo o ano, tais como os recursos da Sa\u00fade, da Educa\u00e7\u00e3o, da constru\u00e7\u00e3o e manuten\u00e7\u00e3o de rodovias, entre outros. Na Lei Or\u00e7ament\u00e1ria Anual, est\u00e3o presentes tamb\u00e9m os recursos que o Governo ter\u00e1 que transferir para os demais poderes.<\/p>\n<p>O or\u00e7amento do Governo \u00e9 feito de uma jun\u00e7\u00e3o de verbas, que s\u00e3o provenientes de recursos arrecadados com taxas, impostos, empr\u00e9stimos banc\u00e1rios e recursos do Governo Federal para investimento em diversas \u00e1reas. Os valores a serem destinados para cada \u00e1rea ficar\u00e3o em aberto e ser\u00e3o decididos at\u00e9 o m\u00eas de novembro, prazo final para que a proposta da bancada tocantinense seja formalizada na Comiss\u00e3o Mista de Or\u00e7amento e Gest\u00e3o.<\/p>\n<p><strong>Presen\u00e7as<\/strong><\/p>\n<p>Junto com o governador Mauro Carlesse estavam os membros da Bancada Federal do Tocantins: os deputados Carlos Henrique Gaguim, Professora Dorinha, C\u00e9sar Halum, Josi Nunes, L\u00e1zaro Botelho e Milne Freitas. E ainda a senadora K\u00e1tia Abreu e os senadores eleitos Eduardo Gomes e Iraj\u00e1 Abreu. Tamb\u00e9m participaram da reuni\u00e3o o secret\u00e1rio de Representa\u00e7\u00e3o, Renato de Assun\u00e7\u00e3o; a secret\u00e1ria da Educa\u00e7\u00e3o, Adriana Aguiar; o secret\u00e1rio da Fazenda, Sandro Henrique; o secret\u00e1rio de A\u00e7\u00f5es Estrat\u00e9gicas, Kelinton e o subsecret\u00e1rio de Planejamento, Sergislei Moura.<\/p>\n","protected":false},"excerpt":{"rendered":"<p>Sa\u00fade, Educa\u00e7\u00e3o e Seguran\u00e7a P\u00fablica s\u00e3o prioridades para o Governo do Tocantins. \u00c9 isso que afirmou o governador Mauro Carlesse, em Bras\u00edlia (DF), nessa quarta-feira, 17, durante a reuni\u00e3o com a Bancada Federal do Estado. O encontro ocorreu para discutir a destina\u00e7\u00e3o dos recursos de Emendas de Bancada que o Estado tem direito para o [&hellip;]<\/p>\n","protected":false},"author":2,"featured_media":1625,"comment_status":"open","ping_status":"open","sticky":false,"template":"","format":"standard","meta":[],"categories":[2,4],"tags":[],"_links":{"self":[{"href":"https:\/\/dgospel.com.br\/portal\/index.php\/wp-json\/wp\/v2\/posts\/1624"}],"collection":[{"href":"https:\/\/dgospel.com.br\/portal\/index.php\/wp-json\/wp\/v2\/posts"}],"about":[{"href":"https:\/\/dgospel.com.br\/portal\/index.php\/wp-json\/wp\/v2\/types\/post"}],"author":[{"embeddable":true,"href":"https:\/\/dgospel.com.br\/portal\/index.php\/wp-json\/wp\/v2\/users\/2"}],"replies":[{"embeddable":true,"href":"https:\/\/dgospel.com.br\/portal\/index.php\/wp-json\/wp\/v2\/comments?post=1624"}],"version-history":[{"count":1,"href":"https:\/\/dgospel.com.br\/portal\/index.php\/wp-json\/wp\/v2\/posts\/1624\/revisions"}],"predecessor-version":[{"id":1626,"href":"https:\/\/dgospel.com.br\/portal\/index.php\/wp-json\/wp\/v2\/posts\/1624\/revisions\/1626"}],"wp:featuredmedia":[{"embeddable":true,"href":"https:\/\/dgospel.com.br\/portal\/index.php\/wp-json\/wp\/v2\/media\/1625"}],"wp:attachment":[{"href":"https:\/\/dgospel.com.br\/portal\/index.php\/wp-json\/wp\/v2\/media?parent=1624"}],"wp:term":[{"taxonomy":"category","embeddable":true,"href":"https:\/\/dgospel.com.br\/portal\/index.php\/wp-json\/wp\/v2\/categories?post=1624"},{"taxonomy":"post_tag","embeddable":true,"href":"https:\/\/dgospel.com.br\/portal\/index.php\/wp-json\/wp\/v2\/tags?post=1624"}],"curies":[{"name":"wp","href":"https:\/\/api.w.org\/{rel}","templated":true}]}}