{"id":16242,"date":"2023-06-29T10:27:44","date_gmt":"2023-06-29T13:27:44","guid":{"rendered":"http:\/\/dgospel.com.br\/portal\/?p=16242"},"modified":"2023-06-29T10:27:45","modified_gmt":"2023-06-29T13:27:45","slug":"senado-federal-homenageia-a-cgadb-pelos-112-anos-da-ad-no-brasil","status":"publish","type":"post","link":"https:\/\/dgospel.com.br\/portal\/index.php\/2023\/06\/29\/senado-federal-homenageia-a-cgadb-pelos-112-anos-da-ad-no-brasil\/","title":{"rendered":"Senado Federal homenageia a CGADB pelos 112 anos da AD no Brasil"},"content":{"rendered":"\n<p>O presidente da<em>&nbsp;Conven\u00e7\u00e3o Geral dos Ministros das Igrejas Evang\u00e9licas Assembleias de Deus do Brasil (CGADB),<\/em>&nbsp;pastor Jos\u00e9 Wellington Costa J\u00fanior, recebeu na manh\u00e3 desta segunda-feira (26), uma homenagem do Senado Federal pela passagem do anivers\u00e1rio de 112 anos das Assembleias de Deus no Brasil. A data foi comemorada no \u00faltimo 18 de junho pelas Igrejas em todo o pa\u00eds.<\/p>\n\n\n\n<p>O senador Carlos Viana (MG), presidente da Frente Parlamentar Evang\u00e9lica do Senado, foi pessoalmente ao gabinete do presidente da CGADB em S\u00e3o Paulo\/SP entregar a placa comemorativa que diz: \u201cEsta homenagem enaltece a import\u00e2ncia dos relevantes servi\u00e7os prestados por esta distinta institui\u00e7\u00e3o \u00e0 popula\u00e7\u00e3o brasileira em mais de um s\u00e9culo\u201d.<\/p>\n\n\n\n<figure class=\"wp-block-image\"><a href=\"https:\/\/www.cpadnews.com.br\/wp-content\/uploads\/2023\/06\/SENADO-AD4.jpg\"><img src=\"https:\/\/www.cpadnews.com.br\/wp-content\/uploads\/2023\/06\/SENADO-AD4-1280x853.jpg\" alt=\"\"\/><\/a><\/figure>\n\n\n\n<figure class=\"wp-block-image\"><a href=\"https:\/\/www.cpadnews.com.br\/wp-content\/uploads\/2023\/06\/SENADO-AD6.jpg\"><img src=\"https:\/\/www.cpadnews.com.br\/wp-content\/uploads\/2023\/06\/SENADO-AD6-1280x853.jpg\" alt=\"\"\/><\/a><\/figure>\n\n\n\n<figure class=\"wp-block-image\"><a href=\"https:\/\/www.cpadnews.com.br\/wp-content\/uploads\/2023\/06\/SENADO-AD7.jpg\"><img src=\"https:\/\/www.cpadnews.com.br\/wp-content\/uploads\/2023\/06\/SENADO-AD7-1280x853.jpg\" alt=\"\"\/><\/a><\/figure>\n\n\n\n<figure class=\"wp-block-image\"><a href=\"https:\/\/www.cpadnews.com.br\/wp-content\/uploads\/2023\/06\/SENADO-AD3.jpg\"><img src=\"https:\/\/www.cpadnews.com.br\/wp-content\/uploads\/2023\/06\/SENADO-AD3-1280x853.jpg\" alt=\"\"\/><\/a><\/figure>\n\n\n\n<p>No encontro, o presidente da Conven\u00e7\u00e3o Geral orou pelo senador e pelo Brasil e agradeceu o reconhecimento, em nome da Mesa Diretora e ministros.<\/p>\n\n\n\n<figure class=\"wp-block-image\"><a href=\"https:\/\/www.cpadnews.com.br\/wp-content\/uploads\/2023\/06\/SENADO-AD5.jpg\"><img src=\"https:\/\/www.cpadnews.com.br\/wp-content\/uploads\/2023\/06\/SENADO-AD5-1280x853.jpg\" alt=\"\"\/><\/a><\/figure>\n\n\n\n<p><em>Fonte: Comunica\u00e7\u00e3o CGADB<\/em><\/p>\n","protected":false},"excerpt":{"rendered":"<p>O presidente da&nbsp;Conven\u00e7\u00e3o Geral dos Ministros das Igrejas Evang\u00e9licas Assembleias de Deus do Brasil (CGADB),&nbsp;pastor Jos\u00e9 Wellington Costa J\u00fanior, recebeu na manh\u00e3 desta segunda-feira (26), uma homenagem do Senado Federal pela passagem do anivers\u00e1rio de 112 anos das Assembleias de Deus no Brasil. A data foi comemorada no \u00faltimo 18 de junho pelas Igrejas em [&hellip;]<\/p>\n","protected":false},"author":2,"featured_media":16243,"comment_status":"open","ping_status":"open","sticky":false,"template":"","format":"standard","meta":[],"categories":[5],"tags":[],"_links":{"self":[{"href":"https:\/\/dgospel.com.br\/portal\/index.php\/wp-json\/wp\/v2\/posts\/16242"}],"collection":[{"href":"https:\/\/dgospel.com.br\/portal\/index.php\/wp-json\/wp\/v2\/posts"}],"about":[{"href":"https:\/\/dgospel.com.br\/portal\/index.php\/wp-json\/wp\/v2\/types\/post"}],"author":[{"embeddable":true,"href":"https:\/\/dgospel.com.br\/portal\/index.php\/wp-json\/wp\/v2\/users\/2"}],"replies":[{"embeddable":true,"href":"https:\/\/dgospel.com.br\/portal\/index.php\/wp-json\/wp\/v2\/comments?post=16242"}],"version-history":[{"count":1,"href":"https:\/\/dgospel.com.br\/portal\/index.php\/wp-json\/wp\/v2\/posts\/16242\/revisions"}],"predecessor-version":[{"id":16244,"href":"https:\/\/dgospel.com.br\/portal\/index.php\/wp-json\/wp\/v2\/posts\/16242\/revisions\/16244"}],"wp:featuredmedia":[{"embeddable":true,"href":"https:\/\/dgospel.com.br\/portal\/index.php\/wp-json\/wp\/v2\/media\/16243"}],"wp:attachment":[{"href":"https:\/\/dgospel.com.br\/portal\/index.php\/wp-json\/wp\/v2\/media?parent=16242"}],"wp:term":[{"taxonomy":"category","embeddable":true,"href":"https:\/\/dgospel.com.br\/portal\/index.php\/wp-json\/wp\/v2\/categories?post=16242"},{"taxonomy":"post_tag","embeddable":true,"href":"https:\/\/dgospel.com.br\/portal\/index.php\/wp-json\/wp\/v2\/tags?post=16242"}],"curies":[{"name":"wp","href":"https:\/\/api.w.org\/{rel}","templated":true}]}}