{"id":16254,"date":"2023-06-29T11:49:18","date_gmt":"2023-06-29T14:49:18","guid":{"rendered":"http:\/\/dgospel.com.br\/portal\/?p=16254"},"modified":"2023-06-29T11:49:19","modified_gmt":"2023-06-29T14:49:19","slug":"prf-pede-pix-para-jair-bolsonaro-e-dino-manda-suspender-perfil","status":"publish","type":"post","link":"https:\/\/dgospel.com.br\/portal\/index.php\/2023\/06\/29\/prf-pede-pix-para-jair-bolsonaro-e-dino-manda-suspender-perfil\/","title":{"rendered":"PRF pede Pix para Jair Bolsonaro e Dino manda suspender perfil"},"content":{"rendered":"\n<p>Nesta quinta-feira (29), o ministro da Justi\u00e7a, Fl\u00e1vio Dino, determinou a suspens\u00e3o de perfis regionais da Pol\u00edcia Federal (PF) e da Pol\u00edcia Rodovi\u00e1ria Federal (PRF). A decis\u00e3o corre ap\u00f3s o perfil oficial da PRF do estado de Sergipe solicitar doa\u00e7\u00f5es de Pix para o ex-presidente Jair Bolsonaro (PL) pagar as multas que tem recebido por n\u00e3o usar m\u00e1scara durante a pandemia de Covid-19.<\/p>\n\n\n\n<p>Ap\u00f3s o ocorrido, o ministro de Lula informou, pelas redes sociais, que permanecer\u00e1 dispon\u00edvel apenas os \u201cperfis nacionais nas redes sociais\u201d e que uma \u201cinvestiga\u00e7\u00e3o ser\u00e1 instaurada\u201d.<\/p>\n\n\n\n<p>\u2013 Em face da alegada invas\u00e3o de perfil regional da PRF em Sergipe, inclusive com troca da senha, estou determinando a suspens\u00e3o dos perfis regionais da PF e da PRF para an\u00e1lise da seguran\u00e7a, permanecendo somente os perfis nacionais nas redes sociais. Quanto \u00e0 retirada do ar da postagem criminosa, a PRF est\u00e1 com provid\u00eancias em andamento. E investiga\u00e7\u00e3o ser\u00e1 instaurada para apura\u00e7\u00e3o dos fatos \u2013 publicou Dino nas redes sociais.<\/p>\n\n\n\n<figure class=\"wp-block-image\"><img src=\"https:\/\/static.cdn.pleno.news\/2023\/06\/Publica%C3%A7%C3%A3o-do-ministro-da-Justi%C3%A7a-Fl%C3%A1vio-Dino.png\" alt=\"Publica\u00e7\u00e3o do ministro da Justi\u00e7a, Fl\u00e1vio Dino\" class=\"wp-image-1161611\"\/><\/figure>\n\n\n\n<p>Em nota, a assessoria de comunica\u00e7\u00e3o da PRF comunicou que a p\u00e1gina sofreu um \u201cataque hacker\u201d durante a madrugada. De acordo com a corpora\u00e7\u00e3o, \u201ctodas as publica\u00e7\u00f5es feitas dentro desse per\u00edodo foram de origem criminosa\u201d.<\/p>\n\n\n\n<p><strong>PUBLICA\u00c7\u00c3O DA PRF<br><\/strong>A publica\u00e7\u00e3o compartilhada, ap\u00f3s o suposto \u201cataque hacker\u201d, dizia que a \u201cPRF de Sergipe decidiu colaborar com a causa\u201d de Bolsonaro.<\/p>\n\n\n\n<p>\u2013 A equipe da Pol\u00edcia Rodovi\u00e1ria Federal de Sergipe decidiu colaborar com a causa do nosso ex-presidente Jair Messias Bolsonaro, acreditamos que ele tem sua cidadania brasileira e merece todo nosso apoio como p\u00e1tria! Se voc\u00ea concorda, ajude-nos com Pix de qualquer valor, todo dinheiro ser\u00e1 restitu\u00eddo para ele! \u2013 dizia o post.<\/p>\n\n\n\n<figure class=\"wp-block-image\"><img src=\"https:\/\/static.cdn.pleno.news\/2023\/06\/Pol%C3%ADcia-Rodovi%C3%A1ria-Federal-faz-publica%C3%A7%C3%A3o-com-apoio-a-Bolsonaro-1024x749.png\" alt=\"Pol\u00edcia Rodovi\u00e1ria Federal faz publica\u00e7\u00e3o com apoio a Bolsonaro\" class=\"wp-image-1161622\"\/><\/figure>\n\n\n\n<p>O QR Code e a chave aleat\u00f3ria, dispon\u00edvel na publica\u00e7\u00e3o, n\u00e3o funcionam. At\u00e9 a publica\u00e7\u00e3o desta mat\u00e9ria, o post foi removido.<\/p>\n\n\n\n<p><strong>PIX PARA BOLSONARO<br><\/strong>Na \u00faltima semana, aliados de Jair Bolsonaro iniciaram, nas redes sociais, uma campanha para arrecadar fundos para que o ex-presidente possa pagar as multas que tem recebido por n\u00e3o usar m\u00e1scara durante a pandemia de Covid-19.<\/p>\n\n\n\n<p>Os deputados federais Nikolas Ferreira (PL-MG), Andr\u00e9 Fernandes (PL-CE), M\u00e1rio Frias (PL-SP) e Gustavo Gayer (PL-GO) s\u00e3o alguns dos apoiadores que est\u00e3o divulgando o Pix do ex-presidente para que seus seguidores fa\u00e7am doa\u00e7\u00f5es,&nbsp;<a href=\"https:\/\/pleno.news\/brasil\/politica-nacional\/aliados-divulgam-pix-para-que-bolsonaro-possa-pagar-multas.html\" target=\"_blank\" rel=\"noreferrer noopener\">relembre aqui<\/a>.<\/p>\n","protected":false},"excerpt":{"rendered":"<p>Nesta quinta-feira (29), o ministro da Justi\u00e7a, Fl\u00e1vio Dino, determinou a suspens\u00e3o de perfis regionais da Pol\u00edcia Federal (PF) e da Pol\u00edcia Rodovi\u00e1ria Federal (PRF). A decis\u00e3o corre ap\u00f3s o perfil oficial da PRF do estado de Sergipe solicitar doa\u00e7\u00f5es de Pix para o ex-presidente Jair Bolsonaro (PL) pagar as multas que tem recebido por [&hellip;]<\/p>\n","protected":false},"author":2,"featured_media":16255,"comment_status":"open","ping_status":"open","sticky":false,"template":"","format":"standard","meta":[],"categories":[4],"tags":[],"_links":{"self":[{"href":"https:\/\/dgospel.com.br\/portal\/index.php\/wp-json\/wp\/v2\/posts\/16254"}],"collection":[{"href":"https:\/\/dgospel.com.br\/portal\/index.php\/wp-json\/wp\/v2\/posts"}],"about":[{"href":"https:\/\/dgospel.com.br\/portal\/index.php\/wp-json\/wp\/v2\/types\/post"}],"author":[{"embeddable":true,"href":"https:\/\/dgospel.com.br\/portal\/index.php\/wp-json\/wp\/v2\/users\/2"}],"replies":[{"embeddable":true,"href":"https:\/\/dgospel.com.br\/portal\/index.php\/wp-json\/wp\/v2\/comments?post=16254"}],"version-history":[{"count":1,"href":"https:\/\/dgospel.com.br\/portal\/index.php\/wp-json\/wp\/v2\/posts\/16254\/revisions"}],"predecessor-version":[{"id":16256,"href":"https:\/\/dgospel.com.br\/portal\/index.php\/wp-json\/wp\/v2\/posts\/16254\/revisions\/16256"}],"wp:featuredmedia":[{"embeddable":true,"href":"https:\/\/dgospel.com.br\/portal\/index.php\/wp-json\/wp\/v2\/media\/16255"}],"wp:attachment":[{"href":"https:\/\/dgospel.com.br\/portal\/index.php\/wp-json\/wp\/v2\/media?parent=16254"}],"wp:term":[{"taxonomy":"category","embeddable":true,"href":"https:\/\/dgospel.com.br\/portal\/index.php\/wp-json\/wp\/v2\/categories?post=16254"},{"taxonomy":"post_tag","embeddable":true,"href":"https:\/\/dgospel.com.br\/portal\/index.php\/wp-json\/wp\/v2\/tags?post=16254"}],"curies":[{"name":"wp","href":"https:\/\/api.w.org\/{rel}","templated":true}]}}