{"id":16257,"date":"2023-06-29T12:25:35","date_gmt":"2023-06-29T15:25:35","guid":{"rendered":"http:\/\/dgospel.com.br\/portal\/?p=16257"},"modified":"2023-06-29T13:11:38","modified_gmt":"2023-06-29T16:11:38","slug":"exercito-afirma-que-gsi-nao-convocou-tropas-para-evitar-8-1-conservadores-lancam-foro-pelo-brasil-em-oposicao-ao-foro-de-sp-procuradores-com-historico-de-acoes-favoraveis-a-esquerda-solicitaram-a-re","status":"publish","type":"post","link":"https:\/\/dgospel.com.br\/portal\/index.php\/2023\/06\/29\/exercito-afirma-que-gsi-nao-convocou-tropas-para-evitar-8-1-conservadores-lancam-foro-pelo-brasil-em-oposicao-ao-foro-de-sp-procuradores-com-historico-de-acoes-favoraveis-a-esquerda-solicitaram-a-re\/","title":{"rendered":"Ex\u00e9rcito afirma que GSI n\u00e3o convocou tropas para evitar 8\/1; Conservadores lan\u00e7am Foro pelo Brasil em oposi\u00e7\u00e3o ao Foro de SP; Procuradores com hist\u00f3rico de a\u00e7\u00f5es favor\u00e1veis \u00e0 esquerda solicitaram a revoga\u00e7\u00e3o das licen\u00e7as da Jovem Pan"},"content":{"rendered":"\n<p><strong>Ex\u00e9rcito afirma que GSI n\u00e3o convocou tropas para evitar 8\/1<\/strong><\/p>\n\n\n\n<p>O Ex\u00e9rcito Brasileiro enviou um comunicado \u00e0 Comiss\u00e3o Parlamentar Mista de Inqu\u00e9rito (CPMI) do 8 de janeiro dizendo que o governo Lula n\u00e3o fez nenhuma convoca\u00e7\u00e3o dos militares para evitar a invas\u00e3o dos pr\u00e9dios dos Tr\u00eas Poderes naquela data. O documento \u00e9 uma resposta ao pedido do senador Sergio Moro (Uni\u00e3o Brasil-PR) que apresentou um of\u00edcio querendo saber se o Gabinete de Seguran\u00e7a Institucional (GSI) da Presid\u00eancia da Rep\u00fablica havia buscado ajuda ao tomar conhecimento de poss\u00edveis ataques.<\/p>\n\n\n\n<p><strong>Conservadores lan\u00e7am Foro pelo Brasil em oposi\u00e7\u00e3o ao Foro de SP<\/strong><\/p>\n\n\n\n<p>Candidato \u00e0 Presid\u00eancia da Rep\u00fablica em 2022, Padre Kelmon (PTB) anunciou em suas redes sociais a realiza\u00e7\u00e3o de uma vers\u00e3o conservadora do Foro de S\u00e3o Paulo, organiza\u00e7\u00e3o de partidos e coletivos de esquerda que ir\u00e1 se reunir em Bras\u00edlia entre esta quinta-feira (29) e o domingo (2). Com o in\u00edcio previsto para \u00e0s 14h desta quinta, em um audit\u00f3rio no Senado Federal, o \u201cForo pelo Brasil\u201d, ir\u00e1 reunir, al\u00e9m de Kelmon, pol\u00edticos apoiadores do ex-presidente Jair Bolsonaro (PL), como as deputadas Bia Kicis (PL-DF), Carla Zambelli (PL-SP) e o senador Magno Malta (PL-ES).<\/p>\n\n\n\n<p>Segundo Zambelli, a primeira reuni\u00e3o do \u201cForo do Brasil\u201d ser\u00e1 realizada para apresentar pautas conservadoras e atrair pol\u00edticos para debater propostas pol\u00edticas, al\u00e9m de incentivar jovens para se tornarem \u201cagentes de transforma\u00e7\u00f5es locais\u201d.<\/p>\n\n\n\n<p><strong>Procuradores com hist\u00f3rico de a\u00e7\u00f5es favor\u00e1veis \u00e0 esquerda solicitaram a revoga\u00e7\u00e3o das licen\u00e7as da Jovem Pan<\/strong><\/p>\n\n\n\n<p>Nesta semana, dois membros do Minist\u00e9rio P\u00fablico Federal (MPF) conhecidos por a\u00e7\u00f5es que favorecem a esquerda, pediram a revoga\u00e7\u00e3o das licen\u00e7as da Jovem Pan no r\u00e1dio. Ambos os procuradores, no passado, assinaram a \u201ccarta pela democracia\u201d, criticando o ex-presidente Jair Bolsonaro, redigida por professores da Faculdade de Direito da Universidade de S\u00e3o Paulo em agosto de 2022.<\/p>\n","protected":false},"excerpt":{"rendered":"<p>Ex\u00e9rcito afirma que GSI n\u00e3o convocou tropas para evitar 8\/1 O Ex\u00e9rcito Brasileiro enviou um comunicado \u00e0 Comiss\u00e3o Parlamentar Mista de Inqu\u00e9rito (CPMI) do 8 de janeiro dizendo que o governo Lula n\u00e3o fez nenhuma convoca\u00e7\u00e3o dos militares para evitar a invas\u00e3o dos pr\u00e9dios dos Tr\u00eas Poderes naquela data. O documento \u00e9 uma resposta ao [&hellip;]<\/p>\n","protected":false},"author":2,"featured_media":16260,"comment_status":"open","ping_status":"open","sticky":false,"template":"","format":"standard","meta":[],"categories":[11,12],"tags":[],"_links":{"self":[{"href":"https:\/\/dgospel.com.br\/portal\/index.php\/wp-json\/wp\/v2\/posts\/16257"}],"collection":[{"href":"https:\/\/dgospel.com.br\/portal\/index.php\/wp-json\/wp\/v2\/posts"}],"about":[{"href":"https:\/\/dgospel.com.br\/portal\/index.php\/wp-json\/wp\/v2\/types\/post"}],"author":[{"embeddable":true,"href":"https:\/\/dgospel.com.br\/portal\/index.php\/wp-json\/wp\/v2\/users\/2"}],"replies":[{"embeddable":true,"href":"https:\/\/dgospel.com.br\/portal\/index.php\/wp-json\/wp\/v2\/comments?post=16257"}],"version-history":[{"count":2,"href":"https:\/\/dgospel.com.br\/portal\/index.php\/wp-json\/wp\/v2\/posts\/16257\/revisions"}],"predecessor-version":[{"id":16261,"href":"https:\/\/dgospel.com.br\/portal\/index.php\/wp-json\/wp\/v2\/posts\/16257\/revisions\/16261"}],"wp:featuredmedia":[{"embeddable":true,"href":"https:\/\/dgospel.com.br\/portal\/index.php\/wp-json\/wp\/v2\/media\/16260"}],"wp:attachment":[{"href":"https:\/\/dgospel.com.br\/portal\/index.php\/wp-json\/wp\/v2\/media?parent=16257"}],"wp:term":[{"taxonomy":"category","embeddable":true,"href":"https:\/\/dgospel.com.br\/portal\/index.php\/wp-json\/wp\/v2\/categories?post=16257"},{"taxonomy":"post_tag","embeddable":true,"href":"https:\/\/dgospel.com.br\/portal\/index.php\/wp-json\/wp\/v2\/tags?post=16257"}],"curies":[{"name":"wp","href":"https:\/\/api.w.org\/{rel}","templated":true}]}}