{"id":16262,"date":"2023-06-30T08:32:30","date_gmt":"2023-06-30T11:32:30","guid":{"rendered":"http:\/\/dgospel.com.br\/portal\/?p=16262"},"modified":"2023-06-30T08:32:31","modified_gmt":"2023-06-30T11:32:31","slug":"censo-2022-tocantins-tem-crescimento-populacional-de-mais-de-128-mil-em-relacao-ao-ultimo-censo","status":"publish","type":"post","link":"https:\/\/dgospel.com.br\/portal\/index.php\/2023\/06\/30\/censo-2022-tocantins-tem-crescimento-populacional-de-mais-de-128-mil-em-relacao-ao-ultimo-censo\/","title":{"rendered":"Censo 2022: Tocantins tem crescimento populacional de mais de 128 mil em rela\u00e7\u00e3o ao \u00faltimo censo"},"content":{"rendered":"\n<p>A popula\u00e7\u00e3o de Tocantins em 2022 foi de 1.511.459. Entre os anos de 2010 e 2022, houve um crescimento populacional de 128.014 pessoas. As informa\u00e7\u00f5es foram divulgadas nesta quarta-feira (28), pelo Instituto Brasileiro de Geografia e Estat\u00edstica (IBGE).&nbsp;<\/p>\n\n\n\n<p>Em 2022, no Brasil, a popula\u00e7\u00e3o chegou a 203.062.512, um aumento de 6,5% frente ao censo demogr\u00e1fico de 2010. O resultado representa um crescimento de 12,3 milh\u00f5es de pessoas no per\u00edodo. A taxa de crescimento anual da popula\u00e7\u00e3o do pa\u00eds entre os \u00faltimos dois censos foi de 0,52%, menor taxa desde o primeiro Censo do Brasil, em 1872.<\/p>\n\n\n\n<p>De acordo com o censo de 2022, o estado mais populoso \u00e9 S\u00e3o Paulo, com 44.420.459 pessoas, seguido por Minas Gerais com 20.538.718 e Rio de Janeiro com 16.054.524. Juntos, os tr\u00eas concentram 39,9% da popula\u00e7\u00e3o brasileira. O Norte \u00e9 a segunda regi\u00e3o menos populosa, possui 17,3 milh\u00f5es de habitantes e concentra 8,5% da popula\u00e7\u00e3o do pa\u00eds.<\/p>\n\n\n\n<figure class=\"wp-block-image\"><img src=\"\/\/s3-sa-east-1.amazonaws.com\/agencia-radio-arb\/5432\/content_IBGE-2.jpg\" alt=\"\"\/><\/figure>\n\n\n\n<h2>Censo e repasses<\/h2>\n\n\n\n<p>O Censo Demogr\u00e1fico \u00e9 a \u00fanica forma de informa\u00e7\u00e3o sobre a situa\u00e7\u00e3o de vida da popula\u00e7\u00e3o em cada um dos munic\u00edpios e localidades do Pa\u00eds. O objetivo do levantamento \u00e9 contar os habitantes do territ\u00f3rio nacional, identificar suas caracter\u00edsticas e revelar como vivem os brasileiros, produzindo informa\u00e7\u00f5es importantes para a defini\u00e7\u00e3o de pol\u00edticas p\u00fablicas e a tomada de decis\u00f5es de investimentos da iniciativa privada ou de qualquer n\u00edvel de governo.<\/p>\n\n\n\n<p>O economista Newton Ferreira da Silva avalia que a publica\u00e7\u00e3o do censo tem v\u00e1rias vantagens, pois para a sociedade permite que o governo federal possa fazer pol\u00edticas p\u00fablicas com base nos dados e as informa\u00e7\u00f5es permitem que estudiosos fa\u00e7am trabalhos e an\u00e1lises econ\u00f4micas, financeiras e sociais.<\/p>\n\n\n\n<p>\u201cE principalmente \u00e9 importante para os munic\u00edpios, porque com o censo, a popula\u00e7\u00e3o \u00e9 exata e com isso permite que as transfer\u00eancias do Fundo de Participa\u00e7\u00e3o dos Munic\u00edpios que leva em considera\u00e7\u00e3o parte do Imposto sobre Produtos Industrializados (IPI) e Imposto de Renda (IR) sejam repassados aos estados aos estados e munic\u00edpios\u201d, exp\u00f5e.<\/p>\n\n\n\n<figure class=\"wp-block-image\"><img src=\"\/\/s3-sa-east-1.amazonaws.com\/agencia-radio-arb\/5434\/content_IBGE3.png\" alt=\"\"\/><\/figure>\n\n\n\n<p>O n\u00famero de habitantes dos munic\u00edpios \u00e9 considerado para os repasses de recursos financeiros como \u00e9 o caso do Fundo de Participa\u00e7\u00e3o dos Munic\u00edpios (FPM). Segundo o economista Luigi Mauri, n\u00e3o se deve haver otimismo ou pessimismo imediato em rela\u00e7\u00e3o ao repasse com base nos dados do censo do IBGE que foram divulgados.<\/p>\n\n\n\n<p>\u201cApesar da mudan\u00e7a na popula\u00e7\u00e3o brasileira e mudan\u00e7a na popula\u00e7\u00e3o dos munic\u00edpios que viria a princ\u00edpio afetar o Fundo de Participa\u00e7\u00e3o dos Munic\u00edpios, a gente sabe que desde fevereiro deste ano o STF suspendeu a normativa do TCU que prop\u00f5e utilizar os dados populacionais do censo demogr\u00e1fico do IBGE de 2022 para o c\u00e1lculo do FPM\u201d, explica.<\/p>\n\n\n\n<p>O economista aponta que toda pesquisa feita pelo IBGE afeta as principais pol\u00edticas p\u00fablicas do pa\u00eds nas \u00e1reas mais diversas, desde sa\u00fade, educa\u00e7\u00e3o, seguran\u00e7a p\u00fablica, repasses aos munic\u00edpios e pol\u00edticas de aposentadoria. \u201cToda divulga\u00e7\u00e3o relacionada a popula\u00e7\u00e3o e idade, afeta c\u00e1lculos de aposentadoria, afeta reformas que s\u00e3o realizadas no congresso e afeta tamb\u00e9m a percep\u00e7\u00e3o do mercado sobre o pa\u00eds\u201d, completa.<\/p>\n\n\n\n<p>Para o economista Hugo Garbe, o resultado apresentado pelo IBGE faz com que os munic\u00edpios busquem mais evolu\u00e7\u00e3o, pois o aumento dos recursos destinados a esses entes leva em considera\u00e7\u00e3o o desempenho dos munic\u00edpios. \u201cEssa \u00e9 uma forma de incentivar que os munic\u00edpios tenham uma melhora cont\u00ednua\u201d, aponta.<\/p>\n\n\n\n<p>Fonte: <a href=\"https:\/\/brasil61.com\/n\/censo-2022-tocantins-tem-crescimento-populacional-de-mais-de-128-mil-em-relacao-ao-ultimo-censo-bras238738?email=dgospel1@gmail.com&amp;utm_source=email_individual&amp;utm_medium=email_individual&amp;utm_campaign=email_individual\" target=\"_blank\" rel=\"noreferrer noopener\">Brasil 61<\/a><\/p>\n","protected":false},"excerpt":{"rendered":"<p>A popula\u00e7\u00e3o de Tocantins em 2022 foi de 1.511.459. Entre os anos de 2010 e 2022, houve um crescimento populacional de 128.014 pessoas. As informa\u00e7\u00f5es foram divulgadas nesta quarta-feira (28), pelo Instituto Brasileiro de Geografia e Estat\u00edstica (IBGE).&nbsp; Em 2022, no Brasil, a popula\u00e7\u00e3o chegou a 203.062.512, um aumento de 6,5% frente ao censo demogr\u00e1fico [&hellip;]<\/p>\n","protected":false},"author":2,"featured_media":16263,"comment_status":"open","ping_status":"open","sticky":false,"template":"","format":"standard","meta":[],"categories":[3],"tags":[13],"_links":{"self":[{"href":"https:\/\/dgospel.com.br\/portal\/index.php\/wp-json\/wp\/v2\/posts\/16262"}],"collection":[{"href":"https:\/\/dgospel.com.br\/portal\/index.php\/wp-json\/wp\/v2\/posts"}],"about":[{"href":"https:\/\/dgospel.com.br\/portal\/index.php\/wp-json\/wp\/v2\/types\/post"}],"author":[{"embeddable":true,"href":"https:\/\/dgospel.com.br\/portal\/index.php\/wp-json\/wp\/v2\/users\/2"}],"replies":[{"embeddable":true,"href":"https:\/\/dgospel.com.br\/portal\/index.php\/wp-json\/wp\/v2\/comments?post=16262"}],"version-history":[{"count":1,"href":"https:\/\/dgospel.com.br\/portal\/index.php\/wp-json\/wp\/v2\/posts\/16262\/revisions"}],"predecessor-version":[{"id":16264,"href":"https:\/\/dgospel.com.br\/portal\/index.php\/wp-json\/wp\/v2\/posts\/16262\/revisions\/16264"}],"wp:featuredmedia":[{"embeddable":true,"href":"https:\/\/dgospel.com.br\/portal\/index.php\/wp-json\/wp\/v2\/media\/16263"}],"wp:attachment":[{"href":"https:\/\/dgospel.com.br\/portal\/index.php\/wp-json\/wp\/v2\/media?parent=16262"}],"wp:term":[{"taxonomy":"category","embeddable":true,"href":"https:\/\/dgospel.com.br\/portal\/index.php\/wp-json\/wp\/v2\/categories?post=16262"},{"taxonomy":"post_tag","embeddable":true,"href":"https:\/\/dgospel.com.br\/portal\/index.php\/wp-json\/wp\/v2\/tags?post=16262"}],"curies":[{"name":"wp","href":"https:\/\/api.w.org\/{rel}","templated":true}]}}