{"id":16265,"date":"2023-06-30T08:53:47","date_gmt":"2023-06-30T11:53:47","guid":{"rendered":"http:\/\/dgospel.com.br\/portal\/?p=16265"},"modified":"2023-06-30T08:53:48","modified_gmt":"2023-06-30T11:53:48","slug":"deputado-nikolas-ferreira-convida-seguidores-para-21-dias-de-oracao-pelo-brasil","status":"publish","type":"post","link":"https:\/\/dgospel.com.br\/portal\/index.php\/2023\/06\/30\/deputado-nikolas-ferreira-convida-seguidores-para-21-dias-de-oracao-pelo-brasil\/","title":{"rendered":"Deputado Nikolas Ferreira convida seguidores para 21 dias de ora\u00e7\u00e3o pelo Brasil"},"content":{"rendered":"\n<p>Nesta quinta-feira (29), o deputado federal Nikolas Ferreira (PL-MG) usou as redes sociais para convidar seus seguidores para acompanh\u00e1-lo em 21 dias de ora\u00e7\u00e3o pelo Brasil. O parlamentar ir\u00e1 realizar lives di\u00e1rias a partir de 1\u00ba de julho e convidou pastores, cantores e influenciadores.<\/p>\n\n\n\n<p>\u2013 A partir do dia 1\u00ba de julho vou juntar aqui no meu Instagram com pastores, cantores, influenciadores. Pessoas que est\u00e3o alinhadas com o Reino de Deus. Vamos fazer 21 dias de ora\u00e7\u00e3o \u2013 explicou.<\/p>\n\n\n\n<p>As transmiss\u00f5es est\u00e3o agendas para acontecer durante os 21 dias, tendo inicio \u00e0s 22h.<\/p>\n\n\n\n<p>\u2013 Vamos fazer 21 dias de ora\u00e7\u00e3o, de louvor. Porque eu tenho certeza que o nosso pa\u00eds precisa de pessoas que lutam com armas espirituais, e n\u00e3o somente naturais \u2013 ressaltou.<\/p>\n\n\n\n<p>Veja no link abaixo:<\/p>\n\n\n\n<p><a href=\"https:\/\/www.instagram.com\/reel\/CuFyR7Kpkqc\/?utm_source=ig_embed&amp;ig_rid=25bb8532-16a0-4d79-8267-ec8b44180391\">https:\/\/www.instagram.com\/reel\/CuFyR7Kpkqc\/?utm_source=ig_embed&amp;ig_rid=25bb8532-16a0-4d79-8267-ec8b44180391<\/a><\/p>\n","protected":false},"excerpt":{"rendered":"<p>Nesta quinta-feira (29), o deputado federal Nikolas Ferreira (PL-MG) usou as redes sociais para convidar seus seguidores para acompanh\u00e1-lo em 21 dias de ora\u00e7\u00e3o pelo Brasil. O parlamentar ir\u00e1 realizar lives di\u00e1rias a partir de 1\u00ba de julho e convidou pastores, cantores e influenciadores. \u2013 A partir do dia 1\u00ba de julho vou juntar aqui [&hellip;]<\/p>\n","protected":false},"author":2,"featured_media":16266,"comment_status":"open","ping_status":"open","sticky":false,"template":"","format":"standard","meta":[],"categories":[10],"tags":[],"_links":{"self":[{"href":"https:\/\/dgospel.com.br\/portal\/index.php\/wp-json\/wp\/v2\/posts\/16265"}],"collection":[{"href":"https:\/\/dgospel.com.br\/portal\/index.php\/wp-json\/wp\/v2\/posts"}],"about":[{"href":"https:\/\/dgospel.com.br\/portal\/index.php\/wp-json\/wp\/v2\/types\/post"}],"author":[{"embeddable":true,"href":"https:\/\/dgospel.com.br\/portal\/index.php\/wp-json\/wp\/v2\/users\/2"}],"replies":[{"embeddable":true,"href":"https:\/\/dgospel.com.br\/portal\/index.php\/wp-json\/wp\/v2\/comments?post=16265"}],"version-history":[{"count":1,"href":"https:\/\/dgospel.com.br\/portal\/index.php\/wp-json\/wp\/v2\/posts\/16265\/revisions"}],"predecessor-version":[{"id":16267,"href":"https:\/\/dgospel.com.br\/portal\/index.php\/wp-json\/wp\/v2\/posts\/16265\/revisions\/16267"}],"wp:featuredmedia":[{"embeddable":true,"href":"https:\/\/dgospel.com.br\/portal\/index.php\/wp-json\/wp\/v2\/media\/16266"}],"wp:attachment":[{"href":"https:\/\/dgospel.com.br\/portal\/index.php\/wp-json\/wp\/v2\/media?parent=16265"}],"wp:term":[{"taxonomy":"category","embeddable":true,"href":"https:\/\/dgospel.com.br\/portal\/index.php\/wp-json\/wp\/v2\/categories?post=16265"},{"taxonomy":"post_tag","embeddable":true,"href":"https:\/\/dgospel.com.br\/portal\/index.php\/wp-json\/wp\/v2\/tags?post=16265"}],"curies":[{"name":"wp","href":"https:\/\/api.w.org\/{rel}","templated":true}]}}