{"id":16268,"date":"2023-06-30T09:34:55","date_gmt":"2023-06-30T12:34:55","guid":{"rendered":"http:\/\/dgospel.com.br\/portal\/?p=16268"},"modified":"2023-06-30T09:34:56","modified_gmt":"2023-06-30T12:34:56","slug":"preso-por-estupro-de-menina-de-12-anos-e-militante-do-pt","status":"publish","type":"post","link":"https:\/\/dgospel.com.br\/portal\/index.php\/2023\/06\/30\/preso-por-estupro-de-menina-de-12-anos-e-militante-do-pt\/","title":{"rendered":"Preso por estupro de menina de 12 anos \u00e9 militante do PT"},"content":{"rendered":"\n<p>A Pol\u00edcia Militar prendeu, nesta quarta-feira (28), Daniel Moraes Bittar acusado de sequestrar e estuprar uma menina de 12 anos no Distrito Federal.<\/p>\n\n\n\n<p>Nas redes sociais, Bittar se posicionava como militante do Partido dos Trabalhadores (PT), publicava mensagens contra abuso sexual de menores e chegou a alfinetar o ex-presidente Jair Bolsonaro sobre a fala \u201cpintou o clima\u201d.<\/p>\n\n\n\n<p>A acusa\u00e7\u00e3o contra o homem \u00e9 de ter sequestrado a garota no Jardim Ing\u00e1 enquanto a v\u00edtima se dirigia \u00e0 escola. A crian\u00e7a foi levada para o apartamento do criminoso e foi encontrada por policiais na cama, seminua, com os p\u00e9s algemados.<\/p>\n\n\n\n<p>Acredita-se que uma mulher participou do crime e teria dopado a garota com clorof\u00f3rmio. Os policiais encontraram no apartamento itens sexuais e c\u00e2meras. As investiga\u00e7\u00f5es tamb\u00e9m tentam confirmar se o ped\u00f3filo filmou o estupro.<\/p>\n","protected":false},"excerpt":{"rendered":"<p>A Pol\u00edcia Militar prendeu, nesta quarta-feira (28), Daniel Moraes Bittar acusado de sequestrar e estuprar uma menina de 12 anos no Distrito Federal. Nas redes sociais, Bittar se posicionava como militante do Partido dos Trabalhadores (PT), publicava mensagens contra abuso sexual de menores e chegou a alfinetar o ex-presidente Jair Bolsonaro sobre a fala \u201cpintou [&hellip;]<\/p>\n","protected":false},"author":2,"featured_media":16269,"comment_status":"open","ping_status":"open","sticky":false,"template":"","format":"standard","meta":[],"categories":[10],"tags":[],"_links":{"self":[{"href":"https:\/\/dgospel.com.br\/portal\/index.php\/wp-json\/wp\/v2\/posts\/16268"}],"collection":[{"href":"https:\/\/dgospel.com.br\/portal\/index.php\/wp-json\/wp\/v2\/posts"}],"about":[{"href":"https:\/\/dgospel.com.br\/portal\/index.php\/wp-json\/wp\/v2\/types\/post"}],"author":[{"embeddable":true,"href":"https:\/\/dgospel.com.br\/portal\/index.php\/wp-json\/wp\/v2\/users\/2"}],"replies":[{"embeddable":true,"href":"https:\/\/dgospel.com.br\/portal\/index.php\/wp-json\/wp\/v2\/comments?post=16268"}],"version-history":[{"count":1,"href":"https:\/\/dgospel.com.br\/portal\/index.php\/wp-json\/wp\/v2\/posts\/16268\/revisions"}],"predecessor-version":[{"id":16270,"href":"https:\/\/dgospel.com.br\/portal\/index.php\/wp-json\/wp\/v2\/posts\/16268\/revisions\/16270"}],"wp:featuredmedia":[{"embeddable":true,"href":"https:\/\/dgospel.com.br\/portal\/index.php\/wp-json\/wp\/v2\/media\/16269"}],"wp:attachment":[{"href":"https:\/\/dgospel.com.br\/portal\/index.php\/wp-json\/wp\/v2\/media?parent=16268"}],"wp:term":[{"taxonomy":"category","embeddable":true,"href":"https:\/\/dgospel.com.br\/portal\/index.php\/wp-json\/wp\/v2\/categories?post=16268"},{"taxonomy":"post_tag","embeddable":true,"href":"https:\/\/dgospel.com.br\/portal\/index.php\/wp-json\/wp\/v2\/tags?post=16268"}],"curies":[{"name":"wp","href":"https:\/\/api.w.org\/{rel}","templated":true}]}}