{"id":16271,"date":"2023-06-30T09:49:22","date_gmt":"2023-06-30T12:49:22","guid":{"rendered":"http:\/\/dgospel.com.br\/portal\/?p=16271"},"modified":"2023-06-30T10:10:18","modified_gmt":"2023-06-30T13:10:18","slug":"no-foro-de-sao-paulo-lula-afirma-que-historicamente-sempre-combateu-costumes-familia-e-patriotismo","status":"publish","type":"post","link":"https:\/\/dgospel.com.br\/portal\/index.php\/2023\/06\/30\/no-foro-de-sao-paulo-lula-afirma-que-historicamente-sempre-combateu-costumes-familia-e-patriotismo\/","title":{"rendered":"No Foro de S\u00e3o Paulo, Lula afirma que no Brasil, enfrenta o discurso que historicamente sempre combateu do \u201ccostume, da fam\u00edlia e do patriotismo\u201d"},"content":{"rendered":"\n<p>Durante a abertura do 26\u00b0 encontro do Foro de S\u00e3o Paulo, organiza\u00e7\u00e3o transnacional de extrema esquerda, o presidente Lula atacou a direita e deu o tom dos pr\u00f3ximos passos de seu governo. Realizado em Bras\u00edlia, na quinta-feira 29, o evento reuniu partidos comunistas e socialistas.<\/p>\n\n\n\n<p>\u201cAqui, no Brasil, enfrentamos o discurso do costume, da fam\u00edlia e do patriotismo\u201d, disse o petista, ao mencionar ter&nbsp;<strong><a href=\"https:\/\/revistaoeste.com\/no-ponto\/no-foro-de-sao-paulo-lula-diz-que-tem-orgulho-de-ser-chamado-de-comunista\/\" target=\"_blank\" rel=\"noreferrer noopener\">orgulho de ser chamado de comunista<\/a><\/strong>. \u201cOu seja, enfrentamos o discurso que a gente aprendeu a historicamente combater.\u201d<\/p>\n\n\n\n<figure class=\"wp-block-image\"><img src=\"https:\/\/medias.revistaoeste.com\/qa-staging\/wp-content\/uploads\/2020\/07\/Foro-de-S.Paulo.jpg\" alt=\"foro s\u00e3o paulo\" class=\"wp-image-296068\"\/><figcaption>Encontro do Foro de S\u00e3o Paulo, em 2015 | Foto: Ricardo Stucker\/PT<\/figcaption><\/figure>\n\n\n\n<p>Al\u00e9m de Lula, estiverem presentes a presidente do&nbsp;<strong><a href=\"https:\/\/pt.org.br\/\" target=\"_blank\" rel=\"noreferrer noopener\">PT<\/a><\/strong>,&nbsp;Gleisi Hoffmann, a ministra da Ci\u00eancia e Tecnologia e presidente do PCdoB, Luciana Santos, e o presidente da&nbsp;Embratur, Marcelo Freixo. Manifestantes contr\u00e1rios ao encontro protestaram na porta da sede do evento.<\/p>\n\n\n\n<p>Tratado como conspira\u00e7\u00e3o pela grande m\u00eddia at\u00e9 2005, quando Lula participou de uma confer\u00eancia presencial, o Foro de S\u00e3o Paulo surgiu em 1990, tendo o petista e o ent\u00e3o ditador de Cuba, Fidel Castro, como seus fundadores. Oficialmente, o grupo diz ser um ajuntamento de partidos de esquerda que discutem a integra\u00e7\u00e3o da Am\u00e9rica Latina.<\/p>\n\n\n\n<p><\/p>\n","protected":false},"excerpt":{"rendered":"<p>Durante a abertura do 26\u00b0 encontro do Foro de S\u00e3o Paulo, organiza\u00e7\u00e3o transnacional de extrema esquerda, o presidente Lula atacou a direita e deu o tom dos pr\u00f3ximos passos de seu governo. Realizado em Bras\u00edlia, na quinta-feira 29, o evento reuniu partidos comunistas e socialistas. \u201cAqui, no Brasil, enfrentamos o discurso do costume, da fam\u00edlia [&hellip;]<\/p>\n","protected":false},"author":2,"featured_media":16272,"comment_status":"open","ping_status":"open","sticky":false,"template":"","format":"standard","meta":[],"categories":[4],"tags":[],"_links":{"self":[{"href":"https:\/\/dgospel.com.br\/portal\/index.php\/wp-json\/wp\/v2\/posts\/16271"}],"collection":[{"href":"https:\/\/dgospel.com.br\/portal\/index.php\/wp-json\/wp\/v2\/posts"}],"about":[{"href":"https:\/\/dgospel.com.br\/portal\/index.php\/wp-json\/wp\/v2\/types\/post"}],"author":[{"embeddable":true,"href":"https:\/\/dgospel.com.br\/portal\/index.php\/wp-json\/wp\/v2\/users\/2"}],"replies":[{"embeddable":true,"href":"https:\/\/dgospel.com.br\/portal\/index.php\/wp-json\/wp\/v2\/comments?post=16271"}],"version-history":[{"count":2,"href":"https:\/\/dgospel.com.br\/portal\/index.php\/wp-json\/wp\/v2\/posts\/16271\/revisions"}],"predecessor-version":[{"id":16274,"href":"https:\/\/dgospel.com.br\/portal\/index.php\/wp-json\/wp\/v2\/posts\/16271\/revisions\/16274"}],"wp:featuredmedia":[{"embeddable":true,"href":"https:\/\/dgospel.com.br\/portal\/index.php\/wp-json\/wp\/v2\/media\/16272"}],"wp:attachment":[{"href":"https:\/\/dgospel.com.br\/portal\/index.php\/wp-json\/wp\/v2\/media?parent=16271"}],"wp:term":[{"taxonomy":"category","embeddable":true,"href":"https:\/\/dgospel.com.br\/portal\/index.php\/wp-json\/wp\/v2\/categories?post=16271"},{"taxonomy":"post_tag","embeddable":true,"href":"https:\/\/dgospel.com.br\/portal\/index.php\/wp-json\/wp\/v2\/tags?post=16271"}],"curies":[{"name":"wp","href":"https:\/\/api.w.org\/{rel}","templated":true}]}}