{"id":16275,"date":"2023-06-30T10:22:59","date_gmt":"2023-06-30T13:22:59","guid":{"rendered":"http:\/\/dgospel.com.br\/portal\/?p=16275"},"modified":"2023-06-30T10:23:01","modified_gmt":"2023-06-30T13:23:01","slug":"amazonia-tem-maior-numero-de-queimadas-para-junho-em-16-anos","status":"publish","type":"post","link":"https:\/\/dgospel.com.br\/portal\/index.php\/2023\/06\/30\/amazonia-tem-maior-numero-de-queimadas-para-junho-em-16-anos\/","title":{"rendered":"Amaz\u00f4nia tem maior n\u00famero de queimadas para junho em 16 anos"},"content":{"rendered":"\n<p>Junho ainda n\u00e3o terminou e j\u00e1 \u00e9 o m\u00eas com o maior n\u00famero de queimadas na Amaz\u00f4nia desde 2007, segundo dados de monitoramento por sat\u00e9lite do&nbsp;<strong><a href=\"https:\/\/queimadas.dgi.inpe.br\/queimadas\/portal\" target=\"_blank\" rel=\"noreferrer noopener\">Instituto Nacional de Pesquisas Espaciais (Inpe)<\/a><\/strong>, compilados pelo portal Metsul.<\/p>\n\n\n\n<p>Os dados do Inpe mostram que at\u00e9 o dia 28 de junho foram registrados 2,7 mil focos de inc\u00eandio na Amaz\u00f4nia, maior n\u00famero em 16 anos: em 2007, tamb\u00e9m no governo Lula, junho teve 3,5 mil focos.<\/p>\n\n\n\n<p>O pior n\u00famero da s\u00e9rie hist\u00f3rica das queimadas, iniciada em 1998, tamb\u00e9m \u00e9 no governo do petista, em 2004, com quase 9,2 mil focos de inc\u00eandio na Amaz\u00f4nia. A m\u00e9dia hist\u00f3rica de junho \u00e9 de 2.682 focos de inc\u00eandio no bioma.<\/p>\n\n\n\n<p>Como a m\u00e9dia di\u00e1ria de focos est\u00e1 em 96, o m\u00eas pode fechar com cerca de 3 mil focos de inc\u00eandio. Em 2022, junho teve 2.562 focos de calor identificados por sat\u00e9lite, abaixo da m\u00e9dia hist\u00f3rica. O Par\u00e1 teve o maior n\u00famero de focos de inc\u00eandio da Amaz\u00f4nia \u2014 registrou, nesses 28 dias, 614 focos, o que \u00e9 quase o dobro da m\u00e9dia mensal, de 343.<\/p>\n\n\n\n<p>No semestre, at\u00e9 28 de junho, a Amaz\u00f4nia teve 7.980 focos de calor identificados por sat\u00e9lites. O n\u00famero j\u00e1 superou a m\u00e9dia hist\u00f3rica do primeiro semestre, de 7.795.<\/p>\n\n\n\n<p>Como a Amaz\u00f4nia \u00e9 uma regi\u00e3o \u00famida, quase sempre o fogo \u00e9 provocado por a\u00e7\u00e3o humana e n\u00e3o acidental ou natural, como raios.<\/p>\n\n\n\n<p>No Cerrado, as queimadas em junho tamb\u00e9m est\u00e3o acima da m\u00e9dia. At\u00e9 28 de junho, foram registrados quase 4,1 mil focos de inc\u00eandio. A m\u00e9dia hist\u00f3rica do m\u00eas no bioma \u00e9 de 3.779. J\u00e1 no Pantanal houve nesses 28 dias, 76 focos de calor, n\u00famero inferior \u00e0 m\u00e9dia hist\u00f3rica mensal de junho, de 157.<\/p>\n\n\n\n<p>Em primeiro trimestre deste ano, tamb\u00e9m houve&nbsp;<strong><a href=\"https:\/\/revistaoeste.com\/brasil\/desmatamento-recorde-no-governo-lula\/\">desmatamento recorde na Amaz\u00f4nia<\/a><\/strong>, que o governo Lula atribuiu a&nbsp;<strong><a href=\"https:\/\/revistaoeste.com\/politica\/marina-silva-diz-que-recorde-de-desmatamento-no-governo-lula-e-ato-de-revanche\/\" target=\"_blank\" rel=\"noreferrer noopener\">revanchismo<\/a><\/strong>&nbsp;ou&nbsp;<strong><a href=\"https:\/\/revistaoeste.com\/politica\/marina-silva-culpa-bolsonaro-por-recorde-de-desmatamento-no-governo-lula\/\" target=\"_blank\" rel=\"noreferrer noopener\">a Bolsonaro<\/a><\/strong>.<\/p>\n\n\n\n<figure class=\"wp-block-image\"><img src=\"https:\/\/medias.revistaoeste.com\/qa-staging\/wp-content\/uploads\/2023\/02\/operacao-verde-brasil.jpg\" alt=\"desmatamento\" class=\"wp-image-719863\"\/><figcaption>Desmatamento na Amaz\u00f4nia foi recorde no primeiro semestre do governo Lula | Foto: Divulga\u00e7\u00e3o\/Opera\u00e7\u00e3o Verde Brasil<\/figcaption><\/figure>\n","protected":false},"excerpt":{"rendered":"<p>Junho ainda n\u00e3o terminou e j\u00e1 \u00e9 o m\u00eas com o maior n\u00famero de queimadas na Amaz\u00f4nia desde 2007, segundo dados de monitoramento por sat\u00e9lite do&nbsp;Instituto Nacional de Pesquisas Espaciais (Inpe), compilados pelo portal Metsul. Os dados do Inpe mostram que at\u00e9 o dia 28 de junho foram registrados 2,7 mil focos de inc\u00eandio na [&hellip;]<\/p>\n","protected":false},"author":2,"featured_media":16276,"comment_status":"open","ping_status":"open","sticky":false,"template":"","format":"standard","meta":[],"categories":[10],"tags":[],"_links":{"self":[{"href":"https:\/\/dgospel.com.br\/portal\/index.php\/wp-json\/wp\/v2\/posts\/16275"}],"collection":[{"href":"https:\/\/dgospel.com.br\/portal\/index.php\/wp-json\/wp\/v2\/posts"}],"about":[{"href":"https:\/\/dgospel.com.br\/portal\/index.php\/wp-json\/wp\/v2\/types\/post"}],"author":[{"embeddable":true,"href":"https:\/\/dgospel.com.br\/portal\/index.php\/wp-json\/wp\/v2\/users\/2"}],"replies":[{"embeddable":true,"href":"https:\/\/dgospel.com.br\/portal\/index.php\/wp-json\/wp\/v2\/comments?post=16275"}],"version-history":[{"count":1,"href":"https:\/\/dgospel.com.br\/portal\/index.php\/wp-json\/wp\/v2\/posts\/16275\/revisions"}],"predecessor-version":[{"id":16277,"href":"https:\/\/dgospel.com.br\/portal\/index.php\/wp-json\/wp\/v2\/posts\/16275\/revisions\/16277"}],"wp:featuredmedia":[{"embeddable":true,"href":"https:\/\/dgospel.com.br\/portal\/index.php\/wp-json\/wp\/v2\/media\/16276"}],"wp:attachment":[{"href":"https:\/\/dgospel.com.br\/portal\/index.php\/wp-json\/wp\/v2\/media?parent=16275"}],"wp:term":[{"taxonomy":"category","embeddable":true,"href":"https:\/\/dgospel.com.br\/portal\/index.php\/wp-json\/wp\/v2\/categories?post=16275"},{"taxonomy":"post_tag","embeddable":true,"href":"https:\/\/dgospel.com.br\/portal\/index.php\/wp-json\/wp\/v2\/tags?post=16275"}],"curies":[{"name":"wp","href":"https:\/\/api.w.org\/{rel}","templated":true}]}}