{"id":16278,"date":"2023-06-30T10:48:12","date_gmt":"2023-06-30T13:48:12","guid":{"rendered":"http:\/\/dgospel.com.br\/portal\/?p=16278"},"modified":"2023-06-30T11:25:12","modified_gmt":"2023-06-30T14:25:12","slug":"lula-diz-que-tem-orgulho-de-ser-chamado-de-comunista-pgr-acusa-moraes-de-pesca-probatoria-estelionato-eleitoral-diz-globonews-sobre-fala-de-lula","status":"publish","type":"post","link":"https:\/\/dgospel.com.br\/portal\/index.php\/2023\/06\/30\/lula-diz-que-tem-orgulho-de-ser-chamado-de-comunista-pgr-acusa-moraes-de-pesca-probatoria-estelionato-eleitoral-diz-globonews-sobre-fala-de-lula\/","title":{"rendered":"Direto ao Ponto: Lula diz que tem orgulho de ser chamado de comunista; PGR acusa Moraes de \u201cpesca probat\u00f3ria\u201d; \u201cEstelionato eleitoral\u201d, diz GloboNews sobre fala de Lula"},"content":{"rendered":"\n<h1>Lula diz que tem orgulho de ser chamado de comunista<\/h1>\n\n\n\n<p>Na&nbsp;<strong><a href=\"https:\/\/www.youtube.com\/watch?v=by8oqRqmAic\" target=\"_blank\" rel=\"noreferrer noopener\">abertura<\/a><\/strong>&nbsp;do 26\u00b0 encontro do Foro de S\u00e3o Paulo, o presidente Lula disse que tem orgulho de ser chamado de comunista e socialista. O discurso, que durou cerca de dez minutos, foi marcado por ataques contra a direita \u2014 chamada de \u201cextrema direita\u201d pelo petista. \u201cA esquerda sempre \u00e9 atacada pela extrema direita, que nos chama de terroristas\u201d, contou o fundador do Foro de S\u00e3o Paulo, nesta quinta-feira, 29. \u201cNos acusam ainda de sermos comunistas e socialistas e pensam que nos ofendem assim. Isso nos d\u00e1 orgulho.\u201d<\/p>\n\n\n\n<h1>PGR acusa Moraes de \u201cpesca probat\u00f3ria\u201d<\/h1>\n\n\n\n<p>De acordo com um documento sigiloso ao qual a revista Veja teve acesso, a Procuradoria-Geral da Rep\u00fablica (PGR) acusa o ministro do Supremo Tribunal Federal (STF) Alexandre de Moraes de autorizar pr\u00e1ticas ilegais, ordenar pris\u00f5es sem fundamentos e realizar \u201cpesca probat\u00f3ria\u201d, que \u00e9 uma t\u00e9cnica que envolve uma investiga\u00e7\u00e3o sem justificativa apropriada com a inten\u00e7\u00e3o de encontrar alguma evid\u00eancia incidental de um crime.<\/p>\n\n\n\n<h1>\u201cEstelionato eleitoral\u201d, diz GloboNews sobre fala de Lula<\/h1>\n\n\n\n<p>Ap\u00f3s a grande repercuss\u00e3o da fala do presidente Lula de que o \u201cconceito de democracia \u00e9 relativo\u201d, a enorme repercuss\u00e3o negativa chegou at\u00e9 mesmo na emissora que mais o apoiou: Globo. Na tarde desta quinta-feira (29), o programa Est\u00fadio I, da GloboNews, comentou sobre a fala de Lula ao voltar a defender que h\u00e1 democracia na Venezuela. Um dos comentarias fala claramente que muitas pessoas que odeiam o petista votaram nele por ser o candidato democrata, mas que essa fala para defender seu amigo Nicol\u00e1s Maduro \u00e9 um \u201ctap@ na cara\u201d em quem votou nele, al\u00e9m de um \u201cestelionato eleitoral\u201d.<\/p>\n","protected":false},"excerpt":{"rendered":"<p>Lula diz que tem orgulho de ser chamado de comunista Na&nbsp;abertura&nbsp;do 26\u00b0 encontro do Foro de S\u00e3o Paulo, o presidente Lula disse que tem orgulho de ser chamado de comunista e socialista. O discurso, que durou cerca de dez minutos, foi marcado por ataques contra a direita \u2014 chamada de \u201cextrema direita\u201d pelo petista. \u201cA [&hellip;]<\/p>\n","protected":false},"author":2,"featured_media":16260,"comment_status":"open","ping_status":"open","sticky":false,"template":"","format":"standard","meta":[],"categories":[11,12],"tags":[],"_links":{"self":[{"href":"https:\/\/dgospel.com.br\/portal\/index.php\/wp-json\/wp\/v2\/posts\/16278"}],"collection":[{"href":"https:\/\/dgospel.com.br\/portal\/index.php\/wp-json\/wp\/v2\/posts"}],"about":[{"href":"https:\/\/dgospel.com.br\/portal\/index.php\/wp-json\/wp\/v2\/types\/post"}],"author":[{"embeddable":true,"href":"https:\/\/dgospel.com.br\/portal\/index.php\/wp-json\/wp\/v2\/users\/2"}],"replies":[{"embeddable":true,"href":"https:\/\/dgospel.com.br\/portal\/index.php\/wp-json\/wp\/v2\/comments?post=16278"}],"version-history":[{"count":2,"href":"https:\/\/dgospel.com.br\/portal\/index.php\/wp-json\/wp\/v2\/posts\/16278\/revisions"}],"predecessor-version":[{"id":16286,"href":"https:\/\/dgospel.com.br\/portal\/index.php\/wp-json\/wp\/v2\/posts\/16278\/revisions\/16286"}],"wp:featuredmedia":[{"embeddable":true,"href":"https:\/\/dgospel.com.br\/portal\/index.php\/wp-json\/wp\/v2\/media\/16260"}],"wp:attachment":[{"href":"https:\/\/dgospel.com.br\/portal\/index.php\/wp-json\/wp\/v2\/media?parent=16278"}],"wp:term":[{"taxonomy":"category","embeddable":true,"href":"https:\/\/dgospel.com.br\/portal\/index.php\/wp-json\/wp\/v2\/categories?post=16278"},{"taxonomy":"post_tag","embeddable":true,"href":"https:\/\/dgospel.com.br\/portal\/index.php\/wp-json\/wp\/v2\/tags?post=16278"}],"curies":[{"name":"wp","href":"https:\/\/api.w.org\/{rel}","templated":true}]}}