{"id":16280,"date":"2023-06-30T11:06:38","date_gmt":"2023-06-30T14:06:38","guid":{"rendered":"http:\/\/dgospel.com.br\/portal\/?p=16280"},"modified":"2023-06-30T11:06:39","modified_gmt":"2023-06-30T14:06:39","slug":"governo-do-tocantins-atua-em-prol-de-certificacao-internacional-para-projeto-inovador-de-creditos-de-carbono","status":"publish","type":"post","link":"https:\/\/dgospel.com.br\/portal\/index.php\/2023\/06\/30\/governo-do-tocantins-atua-em-prol-de-certificacao-internacional-para-projeto-inovador-de-creditos-de-carbono\/","title":{"rendered":"Governo do Tocantins atua em prol de certifica\u00e7\u00e3o internacional para projeto inovador de cr\u00e9ditos de carbono"},"content":{"rendered":"\n<p>O secret\u00e1rio de Estado do Meio Ambiente e Recursos H\u00eddricos, Marcello Lelis; o secret\u00e1rio de Estado da Agricultura e Pecu\u00e1ria, Jaime Caf\u00e9; e o presidente do Instituto Tocantins Parcerias, Aleandro Lacerda, estiveram na quarta-feira, 28, em Bras\u00edlia (DF), alinhando com o governo federal as parcerias necess\u00e1rias para dar andamento ao Programa de Redu\u00e7\u00e3o de Emiss\u00f5es provenientes de Desmatamento e Degrada\u00e7\u00e3o (REDD+) Jurisdicional, o primeiro do Brasil a comercializar cr\u00e9dito de carbono no mercado volunt\u00e1rio internacional.<\/p>\n\n\n\n<p>Com o objetivo de viabilizar certifica\u00e7\u00f5es necess\u00e1rias para chancelar o projeto, os gestores do Tocantins se reuniram com equipes do Minist\u00e9rio do Meio Ambiente (MMA), do Minist\u00e9rio da Agricultura, Pecu\u00e1ria e Abastecimento (Mapa); e do Minist\u00e9rio do Desenvolvimento da Ind\u00fastria, Com\u00e9rcio e Com\u00e9rcio (MDIC). Tamb\u00e9m participaram das reuni\u00f5es, representantes da&nbsp;<em>Mercuria Energy Trading S\/A<\/em>, empresa com a qual foi firmado um acordo de coopera\u00e7\u00e3o t\u00e9cnica e comercial de comercializa\u00e7\u00e3o dos cr\u00e9ditos de carbono, durante miss\u00e3o oficial do governador Wanderlei Barbosa a Genebra, na Su\u00ed\u00e7a.&nbsp;<\/p>\n\n\n\n<p>A coopera\u00e7\u00e3o entre os gestores do Tocantins, os gestores do governo federal e os da&nbsp;<em>Mercuria Energy Trading S\/A&nbsp;<\/em>\u00e9 fundamental para garantir que o projeto atenda aos crit\u00e9rios de certifica\u00e7\u00e3o. Essa etapa possibilitar\u00e1 ao Tocantins dar andamento ao Programa de REDD+ Jurisdicional, que tornar\u00e1 o estado o primeiro do pa\u00eds e um dos pioneiros no mundo a comercializar cr\u00e9ditos de carbono no mercado volunt\u00e1rio.<\/p>\n\n\n\n<p>Esse conceito est\u00e1 fundamentado no compromisso do Governo do Tocantins em adotar uma s\u00e9rie de medidas ambientais para prote\u00e7\u00e3o e preserva\u00e7\u00e3o; incluindo investimentos em monitoramento e controle ambiental; apoio a \u00e1reas ocupadas por comunidades tradicionais e povos origin\u00e1rios; compartilhamento dos benef\u00edcios e engajamento participativo da sociedade no desenvolvimento sustent\u00e1vel do territ\u00f3rio.<\/p>\n\n\n\n<p>Durante o encontro, o secret\u00e1rio de Estado do Meio Ambiente e Recursos H\u00eddricos, Marcello Lelis, compartilhou informa\u00e7\u00f5es sobre o contrato em andamento, incluindo detalhes do projeto, metas de sequestro de carbono e as pr\u00e1ticas sustent\u00e1veis adotadas. \u201cQueremos todos os \u00f3rg\u00e3os envolvidos para que o governo federal esteja engajado conosco nesse projeto inovador. Queremos unir for\u00e7as para colocar o estado, e at\u00e9 mesmo o pa\u00eds, na vanguarda das iniciativas globais de prote\u00e7\u00e3o ambiental\u201d, afirmou.<\/p>\n\n\n\n<p>O presidente da Tocantins Parcerias, Aleandro Lacerda, explicou que, at\u00e9 o momento, n\u00e3o houve uma transa\u00e7\u00e3o de cr\u00e9dito de carbono florestal jurisdicional no Brasil na modalidade de mercado volunt\u00e1rio. &#8220;O estado est\u00e1 caminhando para a efetiva\u00e7\u00e3o dessa transa\u00e7\u00e3o in\u00e9dita no pa\u00eds e pouco explorada em todo o mundo; o que representa uma grande oportunidade de neg\u00f3cio para investidores nacionais e internacionais&#8221;, ressaltou.<\/p>\n\n\n\n<p>Durante a reuni\u00e3o com o secret\u00e1rio de Economia Verde, Descarboniza\u00e7\u00e3o e Bioind\u00fastria do&nbsp;MDIC, Rodrigo Rollemberg, para apresentar o conceito de&nbsp;<em>carbono jurisdicional<\/em>, o secret\u00e1rio se comprometeu a levar o projeto ao ministro do MDIC, Geraldo Alckmin. \u201cFiquei muito interessado na proposta. A proposta do projeto de cr\u00e9dito de carbono do Tocantins tem integridade. Eu vou apresentar esse projeto para o ministro Geraldo Alckmin\u201d, enfatizou.<\/p>\n\n\n\n<p><strong>Programa de REDD+ Jurisdicional<\/strong><\/p>\n\n\n\n<p>O Programa de REDD+ Jurisdicional tem o objetivo de reduzir progressivamente as emiss\u00f5es de gases de efeito estufa decorrentes do desmatamento e da degrada\u00e7\u00e3o florestal. Esse programa \u00e9 baseado no Plano de Preven\u00e7\u00e3o e Combate ao Desmatamento e Inc\u00eandios Florestais do Estado do Tocantins (PPCDIF); que possui quatro pilares: preven\u00e7\u00e3o; comando e controle; combate; e monitoramento. A iniciativa visa promover a conserva\u00e7\u00e3o da vegeta\u00e7\u00e3o nativa, levando em considera\u00e7\u00e3o a import\u00e2ncia das florestas para as comunidades locais.<\/p>\n\n\n\n<p><\/p>\n\n\n\n<p><img src=\"https:\/\/central.to.gov.br\/image\/336760?w=670&amp;h=383\"><\/p>\n\n\n\n<p>Governo do Tocantins e Mercuria Energy Trading S\/A reuniram-se com o secret\u00e1rio de Economia Verde, Descarboniza\u00e7\u00e3o e Bioind\u00fastria, Rodrigo Rollemberg &#8211; Vin\u00edcius Santa Rosa\/Governo do Tocantins<\/p>\n\n\n\n<p><img src=\"https:\/\/central.to.gov.br\/image\/336758?w=670&amp;h=383\"><\/p>\n\n\n\n<p>Reuni\u00e3o para analisar os requisitos necess\u00e1rios para a obten\u00e7\u00e3o da certifica\u00e7\u00e3o e do selo do Mapa &#8211; Vin\u00edcius Santa Rosa\/Governo do Tocantins\u00a0<\/p>\n","protected":false},"excerpt":{"rendered":"<p>O secret\u00e1rio de Estado do Meio Ambiente e Recursos H\u00eddricos, Marcello Lelis; o secret\u00e1rio de Estado da Agricultura e Pecu\u00e1ria, Jaime Caf\u00e9; e o presidente do Instituto Tocantins Parcerias, Aleandro Lacerda, estiveram na quarta-feira, 28, em Bras\u00edlia (DF), alinhando com o governo federal as parcerias necess\u00e1rias para dar andamento ao Programa de Redu\u00e7\u00e3o de Emiss\u00f5es [&hellip;]<\/p>\n","protected":false},"author":2,"featured_media":16281,"comment_status":"open","ping_status":"open","sticky":false,"template":"","format":"standard","meta":[],"categories":[3],"tags":[13],"_links":{"self":[{"href":"https:\/\/dgospel.com.br\/portal\/index.php\/wp-json\/wp\/v2\/posts\/16280"}],"collection":[{"href":"https:\/\/dgospel.com.br\/portal\/index.php\/wp-json\/wp\/v2\/posts"}],"about":[{"href":"https:\/\/dgospel.com.br\/portal\/index.php\/wp-json\/wp\/v2\/types\/post"}],"author":[{"embeddable":true,"href":"https:\/\/dgospel.com.br\/portal\/index.php\/wp-json\/wp\/v2\/users\/2"}],"replies":[{"embeddable":true,"href":"https:\/\/dgospel.com.br\/portal\/index.php\/wp-json\/wp\/v2\/comments?post=16280"}],"version-history":[{"count":1,"href":"https:\/\/dgospel.com.br\/portal\/index.php\/wp-json\/wp\/v2\/posts\/16280\/revisions"}],"predecessor-version":[{"id":16282,"href":"https:\/\/dgospel.com.br\/portal\/index.php\/wp-json\/wp\/v2\/posts\/16280\/revisions\/16282"}],"wp:featuredmedia":[{"embeddable":true,"href":"https:\/\/dgospel.com.br\/portal\/index.php\/wp-json\/wp\/v2\/media\/16281"}],"wp:attachment":[{"href":"https:\/\/dgospel.com.br\/portal\/index.php\/wp-json\/wp\/v2\/media?parent=16280"}],"wp:term":[{"taxonomy":"category","embeddable":true,"href":"https:\/\/dgospel.com.br\/portal\/index.php\/wp-json\/wp\/v2\/categories?post=16280"},{"taxonomy":"post_tag","embeddable":true,"href":"https:\/\/dgospel.com.br\/portal\/index.php\/wp-json\/wp\/v2\/tags?post=16280"}],"curies":[{"name":"wp","href":"https:\/\/api.w.org\/{rel}","templated":true}]}}