{"id":16283,"date":"2023-06-30T11:10:15","date_gmt":"2023-06-30T14:10:15","guid":{"rendered":"http:\/\/dgospel.com.br\/portal\/?p=16283"},"modified":"2023-06-30T11:10:15","modified_gmt":"2023-06-30T14:10:15","slug":"governo-do-tocantins-realiza-licitacao-da-ppp-de-energia-solar","status":"publish","type":"post","link":"https:\/\/dgospel.com.br\/portal\/index.php\/2023\/06\/30\/governo-do-tocantins-realiza-licitacao-da-ppp-de-energia-solar\/","title":{"rendered":"Governo do Tocantins realiza licita\u00e7\u00e3o da PPP de Energia Solar"},"content":{"rendered":"\n<p>Por interm\u00e9dio da Ag\u00eancia de Transportes, Obras e Infraestrutura (Ageto), o Governo do Tocantins realizou na manh\u00e3 desta quinta-feira, 29, na sede da Ag\u00eancia, a sess\u00e3o de licita\u00e7\u00e3o para recebimento das propostas de Parceria P\u00fablico-Privada (PPP), destinada \u00e0 implanta\u00e7\u00e3o de energia solar nos \u00f3rg\u00e3os do poder executivo.<\/p>\n\n\n\n<p>Segundo o presidente da Ag\u00eancia de Transportes, Obras e Infraestrutura, M\u00e1rcio Pinheiro Rodrigues, \u201co objetivo do projeto \u00e9 gerar redu\u00e7\u00e3o do custo de energia el\u00e9trica em todas as edifica\u00e7\u00f5es da administra\u00e7\u00e3o p\u00fablica estadual\u201d, ressaltou.<\/p>\n\n\n\n<p>Durante o procedimento licitat\u00f3rio, houve o credenciamento e a habilita\u00e7\u00e3o das propostas que foram avaliadas sob o crit\u00e9rio de menor contrapresta\u00e7\u00e3o p\u00fablica. A documenta\u00e7\u00e3o da primeira colocada ainda passar\u00e1 por avalia\u00e7\u00e3o t\u00e9cnica e, caso atenda todas as habilita\u00e7\u00f5es, ser\u00e1 homologada e contratada ap\u00f3s a publica\u00e7\u00e3o do resultado do certame no Di\u00e1rio Oficial do Estado. Ap\u00f3s os procedimentos legais, a empresa vencedora&nbsp;torna-se respons\u00e1vel pela implanta\u00e7\u00e3o, pela opera\u00e7\u00e3o e pela manuten\u00e7\u00e3o das miniusinas geradoras de energia fotovoltaica pelo prazo de 25 anos. Ao final desse per\u00edodo, as usinas ser\u00e3o incorporadas integralmente ao patrim\u00f4nio estadual.<\/p>\n\n\n\n<p><strong>PPP de Energia Solar<\/strong><\/p>\n\n\n\n<p>Esta \u00e9 a primeira Parceria P\u00fablico-Privada do Tocantins e projeta uma economia de R$ 600 milh\u00f5es aos cofres p\u00fablicos a partir de sua implementa\u00e7\u00e3o. O projeto foi elaborado sob coordena\u00e7\u00e3o da Secretaria de Parcerias e Investimentos (SPI\/TO), em conjunto com a Companhia Imobili\u00e1ria de Participa\u00e7\u00f5es, Investimentos e Parcerias (Tocantins Parcerias) e com apoio t\u00e9cnico do Instituto de Planejamento e Gest\u00e3o de Cidades (IPGC); entidade sem fins lucrativos que possui coopera\u00e7\u00e3o t\u00e9cnica com o Estado para estrutura\u00e7\u00e3o e acompanhamento de todas as etapas at\u00e9 a assinatura do contrato.<\/p>\n\n\n\n<p>\u201cTrata-se de uma PPP importante para o Tocantins, pois, al\u00e9m de economicidade, agregar\u00e1 sustentabilidade administrativa e fomento para novos neg\u00f3cios relacionados ao setor fotovoltaico, movimentando tamb\u00e9m a gera\u00e7\u00e3o de empregos em nosso Estado\u201d, explica o secret\u00e1rio da SPI\/TO, Thomas Jefferson.<\/p>\n\n\n\n<p>Com a altera\u00e7\u00e3o da matriz energ\u00e9tica, espera-se ainda que o Tocantins consiga reduzir a emiss\u00e3o de carbono na atmosfera em mais de 2 mil toneladas ao ano, o equivalente ao g\u00e1s carb\u00f4nico absorvido anualmente por 130 mil \u00e1rvores.<\/p>\n\n\n\n<p>\u201cEsse projeto atende a orienta\u00e7\u00e3o do governador Wanderlei Barbosa de incentivar o desenvolvimento sustent\u00e1vel e contribuir para uma economia de baixa emiss\u00e3o de carbono\u201d, afirma o presidente da Tocantins Parcerias, Aleandro Lacerda.<\/p>\n\n\n\n<p>Com esta iniciativa, o estado do Tocantins desponta como pioneiro de uma PPP de Energia Solar que beneficiar\u00e1 todas as unidades consumidoras de baixa tens\u00e3o do setor administrativo.<\/p>\n\n\n\n<p>O diretor presidente do IPGC, Leonardo Santos, lembra que o Tocantins \u00e9 o primeiro Estado do Norte do Brasil a empreender um projeto inovador como este.&nbsp;\u201cO IPGC teve a oportunidade de colaborar com esta importante iniciativa e reconhece a vis\u00e3o estadista do Governador Wanderlei Barbosa e de toda a sua equipe\u201d, destaca.<\/p>\n\n\n\n<p>Antes de chegar na etapa de licita\u00e7\u00e3o, a PPP de Energia Solar passou pelas fases de avalia\u00e7\u00e3o preliminar, prepara\u00e7\u00e3o, modelagem e di\u00e1logo p\u00fablico. O hist\u00f3rico completo com todos os documentos relacionados ao projeto pode ser consultado no site da Secretaria de Parcerias e Investimentos:&nbsp;<a href=\"https:\/\/www.to.gov.br\/parcerias\/mini-usinas-de-energia-fotovoltaica\/6q33w3stg5le\">https:\/\/www.to.gov.br\/parcerias\/mini-usinas-de-energia-fotovoltaica\/6q33w3stg5le<\/a>.<\/p>\n\n\n\n<p><\/p>\n\n\n\n<p><img src=\"https:\/\/central.to.gov.br\/image\/336753?w=670&amp;h=383\"><\/p>\n\n\n\n<p>Governo do Tocantins realiza licita\u00e7\u00e3o da PPP de Energia Solar &#8211; Thiago S\u00e1\/Governo do Tocantins\u00a0<\/p>\n\n\n\n<p><img src=\"https:\/\/central.to.gov.br\/image\/336752?w=670&amp;h=383\"><\/p>\n\n\n\n<p>Esta \u00e9 a primeira Parceria P\u00fablico-Privada do Tocantins e projeta uma economia de R$ 600 milh\u00f5es aos cofres p\u00fablicos &#8211; Thiago S\u00e1\/Governo do Tocantins\u00a0<\/p>\n","protected":false},"excerpt":{"rendered":"<p>Por interm\u00e9dio da Ag\u00eancia de Transportes, Obras e Infraestrutura (Ageto), o Governo do Tocantins realizou na manh\u00e3 desta quinta-feira, 29, na sede da Ag\u00eancia, a sess\u00e3o de licita\u00e7\u00e3o para recebimento das propostas de Parceria P\u00fablico-Privada (PPP), destinada \u00e0 implanta\u00e7\u00e3o de energia solar nos \u00f3rg\u00e3os do poder executivo. Segundo o presidente da Ag\u00eancia de Transportes, Obras [&hellip;]<\/p>\n","protected":false},"author":2,"featured_media":16284,"comment_status":"open","ping_status":"open","sticky":false,"template":"","format":"standard","meta":[],"categories":[3],"tags":[13],"_links":{"self":[{"href":"https:\/\/dgospel.com.br\/portal\/index.php\/wp-json\/wp\/v2\/posts\/16283"}],"collection":[{"href":"https:\/\/dgospel.com.br\/portal\/index.php\/wp-json\/wp\/v2\/posts"}],"about":[{"href":"https:\/\/dgospel.com.br\/portal\/index.php\/wp-json\/wp\/v2\/types\/post"}],"author":[{"embeddable":true,"href":"https:\/\/dgospel.com.br\/portal\/index.php\/wp-json\/wp\/v2\/users\/2"}],"replies":[{"embeddable":true,"href":"https:\/\/dgospel.com.br\/portal\/index.php\/wp-json\/wp\/v2\/comments?post=16283"}],"version-history":[{"count":1,"href":"https:\/\/dgospel.com.br\/portal\/index.php\/wp-json\/wp\/v2\/posts\/16283\/revisions"}],"predecessor-version":[{"id":16285,"href":"https:\/\/dgospel.com.br\/portal\/index.php\/wp-json\/wp\/v2\/posts\/16283\/revisions\/16285"}],"wp:featuredmedia":[{"embeddable":true,"href":"https:\/\/dgospel.com.br\/portal\/index.php\/wp-json\/wp\/v2\/media\/16284"}],"wp:attachment":[{"href":"https:\/\/dgospel.com.br\/portal\/index.php\/wp-json\/wp\/v2\/media?parent=16283"}],"wp:term":[{"taxonomy":"category","embeddable":true,"href":"https:\/\/dgospel.com.br\/portal\/index.php\/wp-json\/wp\/v2\/categories?post=16283"},{"taxonomy":"post_tag","embeddable":true,"href":"https:\/\/dgospel.com.br\/portal\/index.php\/wp-json\/wp\/v2\/tags?post=16283"}],"curies":[{"name":"wp","href":"https:\/\/api.w.org\/{rel}","templated":true}]}}