{"id":16293,"date":"2023-07-03T09:43:49","date_gmt":"2023-07-03T12:43:49","guid":{"rendered":"http:\/\/dgospel.com.br\/portal\/?p=16293"},"modified":"2023-07-03T09:43:50","modified_gmt":"2023-07-03T12:43:50","slug":"reforma-tributaria-estudo-preve-alta-de-60-nos-impostos-da-cesta-basica","status":"publish","type":"post","link":"https:\/\/dgospel.com.br\/portal\/index.php\/2023\/07\/03\/reforma-tributaria-estudo-preve-alta-de-60-nos-impostos-da-cesta-basica\/","title":{"rendered":"Reforma tribut\u00e1ria: estudo prev\u00ea alta de 60% nos impostos da cesta b\u00e1sica"},"content":{"rendered":"\n<p>A&nbsp;<strong><a href=\"https:\/\/www.abras.com.br\/\" target=\"_blank\" rel=\"noreferrer noopener\">Associa\u00e7\u00e3o Brasileira de Supermercados (Abras)<\/a><\/strong>&nbsp;estima que, com a reforma tribut\u00e1ria em tramita\u00e7\u00e3o no Congresso Nacional, os impostos incidentes sobre os produtos da cesta b\u00e1sica v\u00e3o aumentar, em m\u00e9dia, 60% no pa\u00eds. Se consideradas as regi\u00f5es, o Sul ter\u00e1 a maior alta nos impostos, de 93,5%, e o Centro-Oeste, de 69,3%.<\/p>\n\n\n\n<p>Esses n\u00fameros est\u00e3o num estudo da Abras sobre a reforma e foram entregues pelo presidente da institui\u00e7\u00e3o, Jo\u00e3o Galassi, ao ministro da Fazenda, Fernando Haddad, e ao secret\u00e1rio especial para a reforma tribut\u00e1ria, Bernard Appy, no s\u00e1bado, durante reuni\u00e3o em S\u00e3o Paulo.<\/p>\n\n\n\n<p>O estudo da Abras considerou uma al\u00edquota reduzida de 50% sobre os produtos da cesta b\u00e1sica e um imposto \u00fanico de 25%, como prev\u00ea a proposta de reforma. O texto prev\u00ea que 1.380 itens ter\u00e3o tributa\u00e7\u00e3o de 50% da al\u00edquota que ser\u00e1 aplicada a bens e servi\u00e7os.<\/p>\n\n\n\n<p>O levantamento mostra ainda que aumento dos impostos da cesta b\u00e1sica nas demais regi\u00f5es: de 55,5% no Sudeste, 40,6% no Norte e 35,8% no Nordeste.<\/p>\n\n\n\n<p>\u00c0 exce\u00e7\u00e3o de dois Estados \u2014 Roraima e Sergipe \u2014 haveria aumento dos impostos em todas as demais unidades da Federa\u00e7\u00e3o. O maior prejudicado seria o Paran\u00e1, com alta superior a 160%, seguido de Alagoas (130,4%), Goi\u00e1s (90,4%) e Rio de Janeiro (88,8%). &nbsp;<\/p>\n\n\n\n<p>O presidente da Abras disse, depois do encontro com Haddad, que o aumento ser\u00e1 \u201cbrutal\u201d em todos os Estados. \u201cAlguns produtos aumentam at\u00e9 60%. Mas h\u00e1 Estados como o Paran\u00e1, que ter\u00e3o uma onera\u00e7\u00e3o maior, em que o aumento de impostos pode chegar a 161%. Poucos Estados podem ter ganho. Todos os estados t\u00eam aumento brutal.\u201d<\/p>\n\n\n\n<figure class=\"wp-block-image\"><img src=\"https:\/\/medias.revistaoeste.com\/qa-staging\/wp-content\/uploads\/2023\/07\/Cesta-basica-regioes.jpg\" alt=\"Cesta b\u00e1sica Abras\" class=\"wp-image-972389\"\/><figcaption>Impostos sobre a cesta b\u00e1sica aumentam em todas regi\u00f5es | Foto: Reprodu\u00e7\u00e3o\/Abras<\/figcaption><\/figure>\n\n\n\n<h2 id=\"h-secretario-acusa-abras-de-desinformacao-por-estudo-sobre-a-cesta-basica\"><strong>Secret\u00e1rio acusa Abras de \u2018desinforma\u00e7\u00e3o\u2019 por estudo sobre a cesta b\u00e1sica<\/strong><\/h2>\n\n\n\n<p>Bernard Appy, secret\u00e1rio especial da reforma, disse que o estudo da Abras \u00e9 incompleto e considerou apenas aspectos negativos do projeto.<\/p>\n\n\n\n<p>\u201cN\u00e3o \u00e9 que a reforma vai ter aumento de custo de 60% na cesta b\u00e1sica. Pelas contas deles, a carga tribut\u00e1ria que incide sobre produtos da cesta b\u00e1sica \u00e9 que vai aumentar 60%. Esse tipo de racioc\u00ednio desinforma\u201d, afirmou Appy.<\/p>\n\n\n\n<p>Por\u00e9m, ao contr\u00e1rio do que afirmou o secret\u00e1rio, acusando a associa\u00e7\u00e3o de desinforma\u00e7\u00e3o, o estudo da Abras n\u00e3o diz que os produtos teriam aumento m\u00e9dio de 60%, mas a tributa\u00e7\u00e3o sobre ele.<\/p>\n\n\n\n<p>Sem apresentar nenhum c\u00e1lculo, o secret\u00e1rio disse ter certeza de que o n\u00famero mostrado pela Abras \u201c\u00e9 claramente superestimado\u201d e que, na pr\u00e1tica, haver\u00e1 redu\u00e7\u00e3o de custo para os impostos cobrados sobre os itens da cesta b\u00e1sica.<\/p>\n\n\n\n<p>Apesar da fala de Appy, Galassi disse que Haddad \u201centendeu a necessidade dessa corre\u00e7\u00e3o no texto da reforma\u201d.<\/p>\n\n\n\n<figure class=\"wp-block-image\"><img src=\"https:\/\/medias.revistaoeste.com\/qa-staging\/wp-content\/uploads\/2023\/07\/Cesta-basica-estados.jpg\" alt=\"cesta b\u00e1sica\" class=\"wp-image-972394\"\/><figcaption>Apenas dos Estados n\u00e3o teriam aumento de Impostos sobre a cesta b\u00e1sica | Foto: Reprodu\u00e7\u00e3o\/Abras<\/figcaption><\/figure>\n\n\n\n<p><strong>\u00a0<\/strong><\/p>\n","protected":false},"excerpt":{"rendered":"<p>A&nbsp;Associa\u00e7\u00e3o Brasileira de Supermercados (Abras)&nbsp;estima que, com a reforma tribut\u00e1ria em tramita\u00e7\u00e3o no Congresso Nacional, os impostos incidentes sobre os produtos da cesta b\u00e1sica v\u00e3o aumentar, em m\u00e9dia, 60% no pa\u00eds. Se consideradas as regi\u00f5es, o Sul ter\u00e1 a maior alta nos impostos, de 93,5%, e o Centro-Oeste, de 69,3%. Esses n\u00fameros est\u00e3o num estudo [&hellip;]<\/p>\n","protected":false},"author":2,"featured_media":16294,"comment_status":"open","ping_status":"open","sticky":false,"template":"","format":"standard","meta":[],"categories":[4],"tags":[],"_links":{"self":[{"href":"https:\/\/dgospel.com.br\/portal\/index.php\/wp-json\/wp\/v2\/posts\/16293"}],"collection":[{"href":"https:\/\/dgospel.com.br\/portal\/index.php\/wp-json\/wp\/v2\/posts"}],"about":[{"href":"https:\/\/dgospel.com.br\/portal\/index.php\/wp-json\/wp\/v2\/types\/post"}],"author":[{"embeddable":true,"href":"https:\/\/dgospel.com.br\/portal\/index.php\/wp-json\/wp\/v2\/users\/2"}],"replies":[{"embeddable":true,"href":"https:\/\/dgospel.com.br\/portal\/index.php\/wp-json\/wp\/v2\/comments?post=16293"}],"version-history":[{"count":1,"href":"https:\/\/dgospel.com.br\/portal\/index.php\/wp-json\/wp\/v2\/posts\/16293\/revisions"}],"predecessor-version":[{"id":16295,"href":"https:\/\/dgospel.com.br\/portal\/index.php\/wp-json\/wp\/v2\/posts\/16293\/revisions\/16295"}],"wp:featuredmedia":[{"embeddable":true,"href":"https:\/\/dgospel.com.br\/portal\/index.php\/wp-json\/wp\/v2\/media\/16294"}],"wp:attachment":[{"href":"https:\/\/dgospel.com.br\/portal\/index.php\/wp-json\/wp\/v2\/media?parent=16293"}],"wp:term":[{"taxonomy":"category","embeddable":true,"href":"https:\/\/dgospel.com.br\/portal\/index.php\/wp-json\/wp\/v2\/categories?post=16293"},{"taxonomy":"post_tag","embeddable":true,"href":"https:\/\/dgospel.com.br\/portal\/index.php\/wp-json\/wp\/v2\/tags?post=16293"}],"curies":[{"name":"wp","href":"https:\/\/api.w.org\/{rel}","templated":true}]}}