{"id":16300,"date":"2023-07-03T16:03:59","date_gmt":"2023-07-03T19:03:59","guid":{"rendered":"http:\/\/dgospel.com.br\/portal\/?p=16300"},"modified":"2023-07-03T16:04:00","modified_gmt":"2023-07-03T19:04:00","slug":"flavio-dino-ja-duvidou-das-urnas-eletronicas-veja-tuites","status":"publish","type":"post","link":"https:\/\/dgospel.com.br\/portal\/index.php\/2023\/07\/03\/flavio-dino-ja-duvidou-das-urnas-eletronicas-veja-tuites\/","title":{"rendered":"Fl\u00e1vio Dino j\u00e1 duvidou das urnas eletr\u00f4nicas; veja tu\u00edtes"},"content":{"rendered":"\n<p>O ministro da Justi\u00e7a, Fl\u00e1vio Dino, j\u00e1 duvidou das urnas eletr\u00f4nicas. Em 2013, quando era presidente da Embratur e j\u00e1 namorava o cargo de governador do Maranh\u00e3o, Dino tuitou: \u201cHoje, em Recife, vi a comprova\u00e7\u00e3o cientifica de que as urnas eletr\u00f4nicas s\u00e3o extremamente inseguras e suscet\u00edveis a fraudes\u201d.<\/p>\n\n\n\n<p><\/p>\n\n\n\n<figure class=\"wp-block-image size-full\"><img loading=\"lazy\" width=\"557\" height=\"221\" src=\"http:\/\/dgospel.com.br\/portal\/wp-content\/uploads\/2023\/07\/000.jpg\" alt=\"\" class=\"wp-image-16301\" srcset=\"https:\/\/dgospel.com.br\/portal\/wp-content\/uploads\/2023\/07\/000.jpg 557w, https:\/\/dgospel.com.br\/portal\/wp-content\/uploads\/2023\/07\/000-300x119.jpg 300w\" sizes=\"(max-width: 557px) 100vw, 557px\" \/><\/figure>\n\n\n\n<p><a href=\"https:\/\/twitter.com\/FlavioDino\/status\/398953212666863616\"><\/a><\/p>\n\n\n\n<p>Naquele ano, Dino citou o professor Diego Aranha, coordenador da equipe&nbsp;respons\u00e1vel por encontrar diversas vulnerabilidades de seguran\u00e7a nas urnas eletr\u00f4nicas, durante a segunda edi\u00e7\u00e3o dos testes p\u00fablicos de seguran\u00e7a do&nbsp;<strong><a href=\"https:\/\/www.tse.jus.br\/\" target=\"_blank\" rel=\"noreferrer noopener\">Tribunal Superior Eleitoral (TSE)<\/a><\/strong>, no ano anterior. Na ocasi\u00e3o, Dino chegou a publicar que Aranha havia \u201cprovado a vulnerabilidade das urnas eletr\u00f4nicas\u201d e pediu aten\u00e7\u00e3o \u00e0 pesquisa do especialista. \u201cTema \u00e9 muito grave.\u201d<\/p>\n\n\n\n<p>Em 2009, Fl\u00e1vio Dino defendeu ainda a possibilidade de \u201cauditoria\u201d nas urnas eletr\u00f4nicas e falou bem sobre o voto audit\u00e1vel.<\/p>\n\n\n\n<figure class=\"wp-block-image\"><img src=\"https:\/\/medias.revistaoeste.com\/qa-staging\/wp-content\/uploads\/2023\/07\/WhatsApp-Image-2023-07-03-at-14.09.24.jpeg\" alt=\"fl\u00e1vio dino urnas eletr\u00f4nicas\" class=\"wp-image-972902\"\/><figcaption>Foto: Reprodu\u00e7\u00e3o<\/figcaption><\/figure>\n\n\n\n<p>Desde 2021, quando o ent\u00e3o presidente Jair Bolsonaro come\u00e7ou a defender a impress\u00e3o do comprovante do voto, a esquerda passou a atac\u00e1-lo. As cr\u00edticas de Bolsonaro ao sistema eleitoral custaram-lhe a elegibilidade. Na semana passada, o TSE impediu Bolsonaro de disputar elei\u00e7\u00f5es at\u00e9 2030.<\/p>\n\n\n\n<p>Na sequ\u00eancia, Dino classificou a reuni\u00e3o de Bolsonaro com embaixadores, na qual exp\u00f4s sua opini\u00e3o sobre as urnas eletr\u00f4nicas, de \u201cperpetra\u00e7\u00e3o de ataques abusivos ao Sistema de Justi\u00e7a e \u00e0 ordem jur\u00eddica\u201d. Dessa forma, prometeu entrar com uma a\u00e7\u00e3o para cobrar multas do ex-presidente.<\/p>\n\n\n\n<p><\/p>\n","protected":false},"excerpt":{"rendered":"<p>O ministro da Justi\u00e7a, Fl\u00e1vio Dino, j\u00e1 duvidou das urnas eletr\u00f4nicas. Em 2013, quando era presidente da Embratur e j\u00e1 namorava o cargo de governador do Maranh\u00e3o, Dino tuitou: \u201cHoje, em Recife, vi a comprova\u00e7\u00e3o cientifica de que as urnas eletr\u00f4nicas s\u00e3o extremamente inseguras e suscet\u00edveis a fraudes\u201d. Naquele ano, Dino citou o professor Diego [&hellip;]<\/p>\n","protected":false},"author":2,"featured_media":16302,"comment_status":"open","ping_status":"open","sticky":false,"template":"","format":"standard","meta":[],"categories":[4],"tags":[],"_links":{"self":[{"href":"https:\/\/dgospel.com.br\/portal\/index.php\/wp-json\/wp\/v2\/posts\/16300"}],"collection":[{"href":"https:\/\/dgospel.com.br\/portal\/index.php\/wp-json\/wp\/v2\/posts"}],"about":[{"href":"https:\/\/dgospel.com.br\/portal\/index.php\/wp-json\/wp\/v2\/types\/post"}],"author":[{"embeddable":true,"href":"https:\/\/dgospel.com.br\/portal\/index.php\/wp-json\/wp\/v2\/users\/2"}],"replies":[{"embeddable":true,"href":"https:\/\/dgospel.com.br\/portal\/index.php\/wp-json\/wp\/v2\/comments?post=16300"}],"version-history":[{"count":1,"href":"https:\/\/dgospel.com.br\/portal\/index.php\/wp-json\/wp\/v2\/posts\/16300\/revisions"}],"predecessor-version":[{"id":16303,"href":"https:\/\/dgospel.com.br\/portal\/index.php\/wp-json\/wp\/v2\/posts\/16300\/revisions\/16303"}],"wp:featuredmedia":[{"embeddable":true,"href":"https:\/\/dgospel.com.br\/portal\/index.php\/wp-json\/wp\/v2\/media\/16302"}],"wp:attachment":[{"href":"https:\/\/dgospel.com.br\/portal\/index.php\/wp-json\/wp\/v2\/media?parent=16300"}],"wp:term":[{"taxonomy":"category","embeddable":true,"href":"https:\/\/dgospel.com.br\/portal\/index.php\/wp-json\/wp\/v2\/categories?post=16300"},{"taxonomy":"post_tag","embeddable":true,"href":"https:\/\/dgospel.com.br\/portal\/index.php\/wp-json\/wp\/v2\/tags?post=16300"}],"curies":[{"name":"wp","href":"https:\/\/api.w.org\/{rel}","templated":true}]}}