{"id":16304,"date":"2023-07-03T16:25:14","date_gmt":"2023-07-03T19:25:14","guid":{"rendered":"http:\/\/dgospel.com.br\/portal\/?p=16304"},"modified":"2023-07-03T16:25:15","modified_gmt":"2023-07-03T19:25:15","slug":"antes-do-impeachment-dilma-convidou-embaixadores-para-apoia-la-em-evento","status":"publish","type":"post","link":"https:\/\/dgospel.com.br\/portal\/index.php\/2023\/07\/03\/antes-do-impeachment-dilma-convidou-embaixadores-para-apoia-la-em-evento\/","title":{"rendered":"Antes do\u00a0impeachment, Dilma convidou embaixadores para apoi\u00e1-la em evento"},"content":{"rendered":"\n<p>Poucos meses antes de sofrer o processo de&nbsp;<em>impeachment<\/em>, a ex-presidente Dilma Rousseff convocou embaixadores para participar de um evento chamado \u201cEncontro com Juristas pela Legalidade da Democracia\u201d, contr\u00e1rios \u00e0 cassa\u00e7\u00e3o da petista.<\/p>\n\n\n\n<p>Segundo informou o jornal&nbsp;<em>Folha de S.Paulo<\/em>&nbsp;\u00e0 \u00e9poca, todos os cerca de 150 embaixadores estrangeiros em Bras\u00edlia receberam convite para a reuni\u00e3o, realizada em mar\u00e7o. &nbsp;<\/p>\n\n\n\n<p>Um\u00a0<em>print<\/em>\u00a0da not\u00edcia, publicada em 22 de mar\u00e7o de 2016, foi compartilhado nesta segunda-feira, 3, pelo ex-presidente Jair Bolsonaro, que\u00a0<a rel=\"noreferrer noopener\" href=\"https:\/\/revistaoeste.com\/politica\/tse-forma-maioria-para-tornar-bolsonaro-inelegivel\/\" target=\"_blank\"><strong>na sexta-feira 30 teve os direitos pol\u00edticos suspensos por oito anos, por 5 votos a 2 no Tribunal Superior Eleitoral (TSE)<\/strong><\/a>, por ter feito em 2022, antes do per\u00edodo da campanha eleitoral, uma reuni\u00e3o com embaixadores.<\/p>\n\n\n\n<p><\/p>\n\n\n\n<figure class=\"wp-block-image size-full\"><img loading=\"lazy\" width=\"622\" height=\"332\" src=\"http:\/\/dgospel.com.br\/portal\/wp-content\/uploads\/2023\/07\/000-2.jpg\" alt=\"\" class=\"wp-image-16307\" srcset=\"https:\/\/dgospel.com.br\/portal\/wp-content\/uploads\/2023\/07\/000-2.jpg 622w, https:\/\/dgospel.com.br\/portal\/wp-content\/uploads\/2023\/07\/000-2-300x160.jpg 300w\" sizes=\"(max-width: 622px) 100vw, 622px\" \/><\/figure>\n\n\n\n<figure class=\"wp-block-image size-full\"><img loading=\"lazy\" width=\"515\" height=\"299\" src=\"http:\/\/dgospel.com.br\/portal\/wp-content\/uploads\/2023\/07\/0000.jpg\" alt=\"\" class=\"wp-image-16306\" srcset=\"https:\/\/dgospel.com.br\/portal\/wp-content\/uploads\/2023\/07\/0000.jpg 515w, https:\/\/dgospel.com.br\/portal\/wp-content\/uploads\/2023\/07\/0000-300x174.jpg 300w\" sizes=\"(max-width: 515px) 100vw, 515px\" \/><\/figure>\n\n\n\n<p>A reportagem da&nbsp;<em>Folha<\/em>&nbsp;de 2016 informou que o&nbsp;<strong><a href=\"https:\/\/www.gov.br\/planalto\/pt-br\" target=\"_blank\" rel=\"noreferrer noopener\">Pal\u00e1cio do Planalto<\/a><\/strong>&nbsp;n\u00e3o divulgou a rela\u00e7\u00e3o completa dos embaixadores que compareceram, mas informou que pelo menos 70 estiveram no evento. O governo n\u00e3o quis se pronunciar sobre a raz\u00e3o de convidar os diplomatas.<\/p>\n\n\n\n<p>Segundo o jornal, o objetivo de Dilma e de seus apoiadores com o evento \u201cfoi construir algo semelhante ao que o pa\u00eds viveu com a Campanha pela Legalidade na d\u00e9cada de 1960, ap\u00f3s a ren\u00fancia do presidente J\u00e2nio Quadros, pela defesa da posse de Jo\u00e3o Goulart \u2014 \u00e0 \u00e9poca vice-presidente\u201d.<\/p>\n\n\n\n<p>No discurso durante o evento no qual estavam presentes os embaixadores, Dilma afirmou que o momento pol\u00edtico tornou necess\u00e1rio \u201cmobilizar a sociedade em torno de uma nova campanha pela legalidade como estamos fazendo hoje\u201d. Segundo a\u00a0<em>Folha<\/em>, a plateia do evento repetiu in\u00fameras vezes: \u201cN\u00e3o vai ter golpe\u201d.<\/p>\n","protected":false},"excerpt":{"rendered":"<p>Poucos meses antes de sofrer o processo de&nbsp;impeachment, a ex-presidente Dilma Rousseff convocou embaixadores para participar de um evento chamado \u201cEncontro com Juristas pela Legalidade da Democracia\u201d, contr\u00e1rios \u00e0 cassa\u00e7\u00e3o da petista. Segundo informou o jornal&nbsp;Folha de S.Paulo&nbsp;\u00e0 \u00e9poca, todos os cerca de 150 embaixadores estrangeiros em Bras\u00edlia receberam convite para a reuni\u00e3o, realizada em [&hellip;]<\/p>\n","protected":false},"author":2,"featured_media":16308,"comment_status":"open","ping_status":"open","sticky":false,"template":"","format":"standard","meta":[],"categories":[10],"tags":[],"_links":{"self":[{"href":"https:\/\/dgospel.com.br\/portal\/index.php\/wp-json\/wp\/v2\/posts\/16304"}],"collection":[{"href":"https:\/\/dgospel.com.br\/portal\/index.php\/wp-json\/wp\/v2\/posts"}],"about":[{"href":"https:\/\/dgospel.com.br\/portal\/index.php\/wp-json\/wp\/v2\/types\/post"}],"author":[{"embeddable":true,"href":"https:\/\/dgospel.com.br\/portal\/index.php\/wp-json\/wp\/v2\/users\/2"}],"replies":[{"embeddable":true,"href":"https:\/\/dgospel.com.br\/portal\/index.php\/wp-json\/wp\/v2\/comments?post=16304"}],"version-history":[{"count":1,"href":"https:\/\/dgospel.com.br\/portal\/index.php\/wp-json\/wp\/v2\/posts\/16304\/revisions"}],"predecessor-version":[{"id":16309,"href":"https:\/\/dgospel.com.br\/portal\/index.php\/wp-json\/wp\/v2\/posts\/16304\/revisions\/16309"}],"wp:featuredmedia":[{"embeddable":true,"href":"https:\/\/dgospel.com.br\/portal\/index.php\/wp-json\/wp\/v2\/media\/16308"}],"wp:attachment":[{"href":"https:\/\/dgospel.com.br\/portal\/index.php\/wp-json\/wp\/v2\/media?parent=16304"}],"wp:term":[{"taxonomy":"category","embeddable":true,"href":"https:\/\/dgospel.com.br\/portal\/index.php\/wp-json\/wp\/v2\/categories?post=16304"},{"taxonomy":"post_tag","embeddable":true,"href":"https:\/\/dgospel.com.br\/portal\/index.php\/wp-json\/wp\/v2\/tags?post=16304"}],"curies":[{"name":"wp","href":"https:\/\/api.w.org\/{rel}","templated":true}]}}