{"id":16318,"date":"2023-07-04T23:09:32","date_gmt":"2023-07-05T02:09:32","guid":{"rendered":"http:\/\/dgospel.com.br\/portal\/?p=16318"},"modified":"2023-07-04T23:09:33","modified_gmt":"2023-07-05T02:09:33","slug":"morre-aos-94-anos-o-ex-governador-e-criador-do-estado-do-tocantins-jose-wilson-siqueira-campos","status":"publish","type":"post","link":"https:\/\/dgospel.com.br\/portal\/index.php\/2023\/07\/04\/morre-aos-94-anos-o-ex-governador-e-criador-do-estado-do-tocantins-jose-wilson-siqueira-campos\/","title":{"rendered":"Morre aos 94 anos, o ex-governador e criador do estado do Tocantins, Jos\u00e9 Wilson Siqueira Campos"},"content":{"rendered":"\n<p>O ex-governador e criador do estado do Tocantins, Jos\u00e9 Wilson Siqueira Campos, morreu nesta ter\u00e7a-feira (4), aos 94 anos. Ele estava internado desde o dia 29 de junho, na UTI de um hospital particular em Palmas e n\u00e3o resistiu ap\u00f3s uma infec\u00e7\u00e3o generalizada. O ex-governador teve uma piora do quadro de sa\u00fade ap\u00f3s ser diagnosticado com quadro infeccioso (septicemia) e crise renal aguda. A informa\u00e7\u00e3o foi confirmada pelo filho, Eduardo Siqueira Campos, e pela assessoria do pioneiro.<\/p>\n\n\n\n<p>O ex-governador apresentou um quadro infeccioso de septicemia, o que obrigou os m\u00e9dicos a trocarem os antibi\u00f3ticos que estavam sendo ministrados. A septicemia, tamb\u00e9m chamada de sepse, \u00e9 um quadro perigoso que resulta de uma rea\u00e7\u00e3o exagerada do organismo ao combater algum tipo de infec\u00e7\u00e3o.<\/p>\n\n\n\n<p>Durante a interna\u00e7\u00e3o,&nbsp;o filho Eduardo Siqueira Campos divulgou uma mensagem confirmando que o quadro era considerado grav\u00edssimo,&nbsp;mas que haveria esperan\u00e7a de cura. \u201cCremos no Deus do imposs\u00edvel\u201d.<\/p>\n\n\n\n<p>Siqueira deixa esposa e oito filhos. O ex-governador foi casado durante mais de 40 anos com Aureny Siqueira Campos, com quem teve seis filhos. Em homenagem a ela foram batizados quatro bairros de Palmas. Os dois continuaram tendo uma rela\u00e7\u00e3o cordial at\u00e9 a morte dela, em novembro de 2020.<\/p>\n\n\n\n<p>Ap\u00f3s o div\u00f3rcio, Siqueira casou-se com Maril\u00facia Leandro Uch\u00f4a Siqueira Campos, com quem teve mais dois filhos.<\/p>\n\n\n\n<p>A vida de Siqueira Campos.<\/p>\n\n\n\n<p>Jos\u00e9 Wilson Siqueira Campos nasceu em Crato, no Cear\u00e1, em 1928, aos 12 anos, perdeu a m\u00e3e e chegou a viver na rua. &nbsp;Em busca de oportunidades, viajou por v\u00e1rios estados do Brasil, at\u00e9 se estabelecer no ent\u00e3o norte de Goi\u00e1s, munic\u00edpio de Colinas do Norte, atualmente, Colinas do Tocantins. Foi l\u00e1 que ele iniciou a carreira pol\u00edtica. Em 1965, se elegeu vereador pela extinta Arena, que apoiava o governo militar.<\/p>\n\n\n\n<p>Em 1971 foi eleito deputado federal, cargo que ocupou por cinco mandatos e de onde conseguiu articular de forma mais efetiva a cria\u00e7\u00e3o do estado do Tocantins. Quando a emenda que criava o estado foi aprovada, Siqueira foi eleito o primeiro governador, para um mandato de dois anos, cargo que voltou a ocupar entre 1995 e 2003.<\/p>\n\n\n\n<p>Em 2011 voltou a se eleger governador para o quarto mandato desde a cria\u00e7\u00e3o do estado. Ainda na campanha adotou uma postura mais informal com o personagem Siquerido, buscando uma imagem mais simp\u00e1tica e pr\u00f3xima dos eleitores.<\/p>\n\n\n\n<p>Siqueira n\u00e3o concluiu o governo. Renunciou em 2014, abrindo caminho para o filho, Eduardo Siqueira Campos, disputar uma vaga no legislativo. Em 2019, aos 90 anos, o pol\u00edtico tomou posse no Senado Federal.\u00a0Ele assumiu a vaga deixada pelo senador Eduardo Gomes (SD), que, na \u00e9poca, aceitou o convite para integrar a equipe de secret\u00e1rios do governo do Tocantins.<\/p>\n\n\n\n<p>Fonte: G1Tocantins<\/p>\n","protected":false},"excerpt":{"rendered":"<p>O ex-governador e criador do estado do Tocantins, Jos\u00e9 Wilson Siqueira Campos, morreu nesta ter\u00e7a-feira (4), aos 94 anos. Ele estava internado desde o dia 29 de junho, na UTI de um hospital particular em Palmas e n\u00e3o resistiu ap\u00f3s uma infec\u00e7\u00e3o generalizada. O ex-governador teve uma piora do quadro de sa\u00fade ap\u00f3s ser diagnosticado [&hellip;]<\/p>\n","protected":false},"author":2,"featured_media":16319,"comment_status":"open","ping_status":"open","sticky":false,"template":"","format":"standard","meta":[],"categories":[3],"tags":[13],"_links":{"self":[{"href":"https:\/\/dgospel.com.br\/portal\/index.php\/wp-json\/wp\/v2\/posts\/16318"}],"collection":[{"href":"https:\/\/dgospel.com.br\/portal\/index.php\/wp-json\/wp\/v2\/posts"}],"about":[{"href":"https:\/\/dgospel.com.br\/portal\/index.php\/wp-json\/wp\/v2\/types\/post"}],"author":[{"embeddable":true,"href":"https:\/\/dgospel.com.br\/portal\/index.php\/wp-json\/wp\/v2\/users\/2"}],"replies":[{"embeddable":true,"href":"https:\/\/dgospel.com.br\/portal\/index.php\/wp-json\/wp\/v2\/comments?post=16318"}],"version-history":[{"count":1,"href":"https:\/\/dgospel.com.br\/portal\/index.php\/wp-json\/wp\/v2\/posts\/16318\/revisions"}],"predecessor-version":[{"id":16320,"href":"https:\/\/dgospel.com.br\/portal\/index.php\/wp-json\/wp\/v2\/posts\/16318\/revisions\/16320"}],"wp:featuredmedia":[{"embeddable":true,"href":"https:\/\/dgospel.com.br\/portal\/index.php\/wp-json\/wp\/v2\/media\/16319"}],"wp:attachment":[{"href":"https:\/\/dgospel.com.br\/portal\/index.php\/wp-json\/wp\/v2\/media?parent=16318"}],"wp:term":[{"taxonomy":"category","embeddable":true,"href":"https:\/\/dgospel.com.br\/portal\/index.php\/wp-json\/wp\/v2\/categories?post=16318"},{"taxonomy":"post_tag","embeddable":true,"href":"https:\/\/dgospel.com.br\/portal\/index.php\/wp-json\/wp\/v2\/tags?post=16318"}],"curies":[{"name":"wp","href":"https:\/\/api.w.org\/{rel}","templated":true}]}}