{"id":16321,"date":"2023-07-04T23:34:12","date_gmt":"2023-07-05T02:34:12","guid":{"rendered":"http:\/\/dgospel.com.br\/portal\/?p=16321"},"modified":"2023-07-04T23:34:13","modified_gmt":"2023-07-05T02:34:13","slug":"lewandowski-recebe-de-lula-alto-cargo-no-mercosul","status":"publish","type":"post","link":"https:\/\/dgospel.com.br\/portal\/index.php\/2023\/07\/04\/lewandowski-recebe-de-lula-alto-cargo-no-mercosul\/","title":{"rendered":"Lewandowski recebe de Lula alto cargo no Mercosul"},"content":{"rendered":"\n<p>O Mercosul aprovou, nesta ter\u00e7a-feira (4), a indica\u00e7\u00e3o feita pelo presidente Luiz In\u00e1cio Lula da Silva (PT), do ex-ministro do Supremo Tribunal Federal (STF), Ricardo Lewandowski, para exercer o cargo de \u00e1rbitro titular do Tribunal Permanente de Revis\u00e3o (TPR) do bloco.<\/p>\n\n\n\n<p>O mandato de Lewandowski, considerado pr\u00f3ximo de Lula e que deixou o Supremo em abril deste ano, ter\u00e1 in\u00edcio em 28 de julho. No ano que vem, a presid\u00eancia do TPR caber\u00e1 ao \u00e1rbitro brasileiro.<\/p>\n\n\n\n<p>De acordo com o Minist\u00e9rio das Rela\u00e7\u00f5es Exteriores, o Tribunal \u201ctem como atribui\u00e7\u00e3o, em casos de controv\u00e9rsias ou de opini\u00f5es consultivas levadas \u00e0 sua considera\u00e7\u00e3o, interpretar e propor medidas voltadas a promover o cumprimento dos instrumentos e normas sobre os quais se baseia o processo de integra\u00e7\u00e3o\u201d.<\/p>\n\n\n\n<p>*AE<\/p>\n","protected":false},"excerpt":{"rendered":"<p>O Mercosul aprovou, nesta ter\u00e7a-feira (4), a indica\u00e7\u00e3o feita pelo presidente Luiz In\u00e1cio Lula da Silva (PT), do ex-ministro do Supremo Tribunal Federal (STF), Ricardo Lewandowski, para exercer o cargo de \u00e1rbitro titular do Tribunal Permanente de Revis\u00e3o (TPR) do bloco. O mandato de Lewandowski, considerado pr\u00f3ximo de Lula e que deixou o Supremo em [&hellip;]<\/p>\n","protected":false},"author":2,"featured_media":16322,"comment_status":"open","ping_status":"open","sticky":false,"template":"","format":"standard","meta":[],"categories":[4],"tags":[],"_links":{"self":[{"href":"https:\/\/dgospel.com.br\/portal\/index.php\/wp-json\/wp\/v2\/posts\/16321"}],"collection":[{"href":"https:\/\/dgospel.com.br\/portal\/index.php\/wp-json\/wp\/v2\/posts"}],"about":[{"href":"https:\/\/dgospel.com.br\/portal\/index.php\/wp-json\/wp\/v2\/types\/post"}],"author":[{"embeddable":true,"href":"https:\/\/dgospel.com.br\/portal\/index.php\/wp-json\/wp\/v2\/users\/2"}],"replies":[{"embeddable":true,"href":"https:\/\/dgospel.com.br\/portal\/index.php\/wp-json\/wp\/v2\/comments?post=16321"}],"version-history":[{"count":1,"href":"https:\/\/dgospel.com.br\/portal\/index.php\/wp-json\/wp\/v2\/posts\/16321\/revisions"}],"predecessor-version":[{"id":16323,"href":"https:\/\/dgospel.com.br\/portal\/index.php\/wp-json\/wp\/v2\/posts\/16321\/revisions\/16323"}],"wp:featuredmedia":[{"embeddable":true,"href":"https:\/\/dgospel.com.br\/portal\/index.php\/wp-json\/wp\/v2\/media\/16322"}],"wp:attachment":[{"href":"https:\/\/dgospel.com.br\/portal\/index.php\/wp-json\/wp\/v2\/media?parent=16321"}],"wp:term":[{"taxonomy":"category","embeddable":true,"href":"https:\/\/dgospel.com.br\/portal\/index.php\/wp-json\/wp\/v2\/categories?post=16321"},{"taxonomy":"post_tag","embeddable":true,"href":"https:\/\/dgospel.com.br\/portal\/index.php\/wp-json\/wp\/v2\/tags?post=16321"}],"curies":[{"name":"wp","href":"https:\/\/api.w.org\/{rel}","templated":true}]}}