{"id":16327,"date":"2023-07-05T09:17:51","date_gmt":"2023-07-05T12:17:51","guid":{"rendered":"http:\/\/dgospel.com.br\/portal\/?p=16327"},"modified":"2023-07-05T09:17:52","modified_gmt":"2023-07-05T12:17:52","slug":"wanderlei-barbosa-destaca-jose-wilson-siqueira-campos-como-um-visionario-que-marcara-para-sempre-o-tocantins","status":"publish","type":"post","link":"https:\/\/dgospel.com.br\/portal\/index.php\/2023\/07\/05\/wanderlei-barbosa-destaca-jose-wilson-siqueira-campos-como-um-visionario-que-marcara-para-sempre-o-tocantins\/","title":{"rendered":"Wanderlei Barbosa destaca Jos\u00e9 Wilson Siqueira Campos como um vision\u00e1rio que marcar\u00e1 para sempre o Tocantins"},"content":{"rendered":"\n<p>O governador do Tocantins, Wanderlei Barbosa, lamentou o falecimento nesta ter\u00e7a-feira, 4 de julho, do ex-governador Jos\u00e9 Wilson Siqueira Campos, a quem sempre admirou como um grande l\u00edder e homem vision\u00e1rio, cuja determina\u00e7\u00e3o e coragem foram fundamentais na cria\u00e7\u00e3o do estado do Tocantins.<\/p>\n\n\n\n<p>&#8220;Neste momento de tristeza, presto homenagem ao ex-governador do mais jovem Estado do pa\u00eds, Jos\u00e9 Wilson Siqueira Campos, cujo trabalho incans\u00e1vel e compromisso inabal\u00e1vel com o progresso moldaram o destino do Tocantins e de todos que acreditaram nesse projeto e se tornaram tocantinenses. Sua vis\u00e3o audaciosa e dedica\u00e7\u00e3o foram determinantes no desenvolvimento do nosso estado do Tocantins e, portanto, os seus feitos ser\u00e3o eternamente lembrados. Por meio de seu legado, o Tocantins floresceu e prosperou, transformando-se em uma refer\u00eancia de crescimento e oportunidades para todos os seus habitantes. Al\u00e9m de sua import\u00e2ncia hist\u00f3rica como um l\u00edder pol\u00edtico, destaco sua empatia, sua capacidade de ouvir e compreender as necessidades do povo tocantinense. Sua lideran\u00e7a inspiradora serviu como um farol para muitos, e sua aus\u00eancia ser\u00e1 profundamente sentida. Neste momento de dor, estendo minhas mais sinceras condol\u00eancias a sua esposa Maril\u00facia Leandro Uch\u00f4a Siqueira Campos, aos seus filhos, em especial Eduardo Siqueira Campos, que foi meu companheiro de parlamento na Assembleia Legislativa do Estado do Tocantins, netos e bisnetos, amigos e a todos os cidad\u00e3os do Tocantins. Que encontrem conforto e paz nas mem\u00f3rias dos momentos compartilhados e no legado deixado por esse grande l\u00edder e que seu exemplo de vida continue a guiar aqueles que seguem seus passos, inspirando a busca incessante por um Tocantins cada vez mais pr\u00f3spero e justo&#8221;, destacou o Governador.<\/p>\n\n\n\n<p>Como forma de honrar sua mem\u00f3ria e expressar o profundo respeito por sua contribui\u00e7\u00e3o n\u00e3o somente para o Tocantins, mas para o Brasil, o governador Wanderlei Barbosa decretou luto oficial &nbsp;de 7 dias e ponto facultativo nesta quarta-feira, 5.<\/p>\n\n\n\n<p><strong>Hist\u00f3ria e trajet\u00f3ria do ex-Governador Jos\u00e9 Wilson Siqueira Campos<\/strong><\/p>\n\n\n\n<p>Jos\u00e9 Wilson Siqueira Campos, um dos maiores l\u00edderes pol\u00edticos do Brasil, deixou um legado ineg\u00e1vel ao moldar a hist\u00f3ria do estado do Tocantins. Sua trajet\u00f3ria \u00e9 marcada por coragem, determina\u00e7\u00e3o e um esp\u00edrito vision\u00e1rio que possibilitou a cria\u00e7\u00e3o deste estado. Nascido em Crato, no Cear\u00e1, em 1928, filho do mestre Pac\u00edfico Siqueira Campos &#8211; que tinha a profiss\u00e3o de seleiro e sapateiro &#8211; e de dona Regina Siqueira Campos, ele se estabeleceu na cidade de Colinas, no ent\u00e3o norte de Goi\u00e1s, atual Colinas do Tocantins. Antes, passou pelos estados do Amazonas (onde foi seringueiro), Minas Gerais, Rio de Janeiro e S\u00e3o Paulo.<\/p>\n\n\n\n<p>Ao se mudar para Colinas, Siqueira Campos come\u00e7ou a trabalhar na \u00e1rea rural, o que despertou nele a voca\u00e7\u00e3o pol\u00edtica: fundou a Cooperativa Goiana de Agricultores e deflagrou o movimento popular que pedia a cria\u00e7\u00e3o do Tocantins. Na elei\u00e7\u00e3o seguinte foi candidato a vereador, tendo sido eleito com vota\u00e7\u00e3o expressiva. Elegeu-se vereador de Colinas com maior vota\u00e7\u00e3o (1965) e foi logo escolhido presidente da C\u00e2mara (1966). Era ent\u00e3o filiado a Arena. Integraria tamb\u00e9m ao longo de sua carreira ao PDS, PDC, PFL, PL e PSDB.<\/p>\n\n\n\n<p>Pela sua ousadia na luta pela cria\u00e7\u00e3o do Tocantins, Siqueira Campos foi eleito deputado federal, reeleito por mais quatro mandatos, permanecendo no cargo entre 1971 e 1988, enquanto representante do norte goiano. Chegou a fazer uma greve de fome de 98 horas em favor da causa separatista. Siqueira foi, inclusive, deputado federal constituinte e relator da Subcomiss\u00e3o dos Estados da Assembleia Nacional Constituinte, tendo redigido e entregue ao presidente da Casa, deputado Ulisses Guimar\u00e3es, a fus\u00e3o de emendas (conhecida como Emenda Siqueira Campos) que, aprovada, deu origem ao estado do Tocantins, com a promulga\u00e7\u00e3o da Constitui\u00e7\u00e3o Federal de 1988.<\/p>\n\n\n\n<p>A proposta foi votada e aprovada naquele 5 de outubro de 1988 e, em novembro do mesmo ano, o Tribunal Regional de Goi\u00e1s realizou a elei\u00e7\u00e3o dos primeiros membros parlamentares do Tocantins, bem como prefeitos, vereadores, deputados e o Governador, Jos\u00e9 Wilson Siqueira Campos. A data foi um marco na vida dos moradores do norte goiano que vislumbravam na cria\u00e7\u00e3o de um Estado pr\u00f3prio a esperan\u00e7a de uma vida melhor.<\/p>\n\n\n\n<p>Siqueira Campos sempre dedicou-se a lutar pela cria\u00e7\u00e3o desse novo estado, separando o Tocantins de Goi\u00e1s. Seu sonho era proporcionar um desenvolvimento mais efetivo para a Regi\u00e3o Central do Brasil. Liderando o Movimento Pr\u00f3-Tocantins, mobilizou milhares de pessoas em prol dessa causa, enfrentando desafios pol\u00edticos, burocr\u00e1ticos e econ\u00f4micos.&nbsp;<\/p>\n\n\n\n<p><strong>Governador do Tocantins<\/strong><\/p>\n\n\n\n<p>Siqueira Campos governou o Tocantins em diferentes mandatos (de 1989 a 1991, de 1995 a 1998, de 1999 a 2003 e de 2011 a 2014), demonstrando uma vis\u00e3o progressista e comprometida com o desenvolvimento do Estado. Durante seus governos, implementou pol\u00edticas p\u00fablicas inovadoras, incentivando o pleno desenvolvimento do Estado, como a agricultura e o turismo. Tamb\u00e9m dedicou-se em levar investimentos em infraestrutura, educa\u00e7\u00e3o e sa\u00fade, transformando a realidade da regi\u00e3o.&nbsp;<\/p>\n\n\n\n<p><strong>Legado<\/strong><\/p>\n\n\n\n<p>O legado de Siqueira Campos \u00e9 indiscut\u00edvel. Ele transformou o Tocantins em um Estado pr\u00f3spero e em constante crescimento. Seu trabalho \u00e1rduo e sua vis\u00e3o de longo prazo permitiram a implanta\u00e7\u00e3o de projetos estruturantes, como a constru\u00e7\u00e3o de rodovias, a cria\u00e7\u00e3o de distritos industriais e a implanta\u00e7\u00e3o de programas de desenvolvimento regional.<\/p>\n\n\n\n<p>Contudo, foi na cidade em que ele projetou e fundou, Palmas, que Siqueira Campos mais realizou projetos. Al\u00e9m da constru\u00e7\u00e3o da UHE Lu\u00eds Eduardo Magalh\u00e3es e do Hospital Geral de Palmas (HGP), o ex-governador idealizou e executou um grande programa de obras que deram de forma definitiva a capital do Tocantins, Palmas, como a principal cidade do Estado. Foi constru\u00eddo um amplo e moderno aeroporto, o projeto orla, a ponte sobre o lago de Palmas (8 km de extens\u00e3o), a Pra\u00e7a dos Girass\u00f3is, o Memorial da Coluna Prestes, dentre outras obras que s\u00e3o os principais cart\u00f5es portais da cidade.<\/p>\n\n\n\n<p>E foi em um dos maiores marcos vision\u00e1rios de Siqueira Campos, a constru\u00e7\u00e3o do Pal\u00e1cio Araguaia, em Palmas, que o Governo do Tocantins encontrou um espa\u00e7o funcional para exercer suas atividades administrativas e governamentais. O pal\u00e1cio se tornou o epicentro das decis\u00f5es pol\u00edticas e administrativas do Estado, proporcionando um local adequado para o desenvolvimento de pol\u00edticas p\u00fablicas, a realiza\u00e7\u00e3o de reuni\u00f5es de trabalho e o atendimento \u00e0s demandas da popula\u00e7\u00e3o tocantinense.&nbsp;<\/p>\n\n\n\n<p>Ele concebeu o local que abriga a sede do Poder Executivo como um marco emblem\u00e1tico dessa nova capital. O pal\u00e1cio foi projetado para abrigar o Governo Estadual e simbolizar o poder e a identidade do Tocantins. Com um design arquitet\u00f4nico imponente e moderno, al\u00e9m de estar localizado estrategicamente no cora\u00e7\u00e3o da cidade de Palmas, o edif\u00edcio se tornou desde 1991 um ponto de refer\u00eancia ic\u00f4nico e uma express\u00e3o tang\u00edvel do progresso alcan\u00e7ado na regi\u00e3o. O Pal\u00e1cio Araguaia tamb\u00e9m abriga espa\u00e7os para eventos, exposi\u00e7\u00f5es e atividades culturais, tornando-se um s\u00edmbolo de identidade e uni\u00e3o para os cidad\u00e3os do Tocantins.<\/p>\n\n\n\n<p><strong>\u00daltimos passos na pol\u00edtica<\/strong><\/p>\n\n\n\n<p>A \u00faltima elei\u00e7\u00e3o da qual Siqueira Campos participou foi a de 2018 e saiu vitorioso dela como primeiro suplente do senador Eduardo Gomes. Foram eleitos em uma chapa que o pleito finaliza em 2026. Como suplente de senador, o ex-governador do Tocantins ocupou a vaga de senador no Congresso Nacional em julho de 2019, onde ficou no posto por um m\u00eas.&nbsp;<\/p>\n\n\n\n<p>Siqueira Campos deixa sua esposa Maril\u00facia Leandro Uch\u00f4a Siqueira Campos e seus filhos. Um deles, Eduardo Siqueira Campos, que seguiu os passos de seu pai, contribuindo para o crescimento e desenvolvimento do Estado por meio de seus mandatos de deputado estadual e federal, prefeito de Palmas e senador.<\/p>\n\n\n\n<p><img src=\"https:\/\/central.to.gov.br\/image\/337426?w=670&amp;h=383\"><\/p>\n\n\n\n<p>Como suplente de senador, o ex-governador do Tocantins ocupou a vaga de senador no Congresso Nacional em julho de 2019, onde ficou no posto por um m\u00eas &#8211; Acervo\/Governo do Tocantins\u00a0<\/p>\n\n\n\n<p><img src=\"https:\/\/central.to.gov.br\/image\/337427?w=670&amp;h=383\"><\/p>\n\n\n\n<p>Siqueira Campos elegeu-se vereador de Colinas com maior vota\u00e7\u00e3o (1965) e foi logo escolhido presidente da C\u00e2mara (1966). Era ent\u00e3o filiado a Arena. Integraria tamb\u00e9m ao longo de sua carreira ao PDS, PDC, PFL, PL e PSDB &#8211; Acervo\/Governo do Tocantins<\/p>\n\n\n\n<p><img src=\"https:\/\/central.to.gov.br\/image\/337424?w=670&amp;h=383\"><\/p>\n\n\n\n<p>O legado de Siqueira Campos \u00e9 indiscut\u00edvel. Ele transformou o Tocantins em um Estado pr\u00f3spero e em constante crescimento &#8211; Acervo\/Governo do Tocantins\u00a0<\/p>\n\n\n\n<p><img src=\"https:\/\/central.to.gov.br\/image\/337422?w=670&amp;h=383\"><\/p>\n\n\n\n<p>Jos\u00e9 Wilson Siqueira Campos, um dos maiores l\u00edderes pol\u00edticos do Brasil, deixou um legado ineg\u00e1vel ao moldar a hist\u00f3ria do estado do Tocantins &#8211; Acervo\/Governo do Tocantins\u00a0<\/p>\n\n\n\n<p><img src=\"https:\/\/central.to.gov.br\/image\/337423?w=670&amp;h=383\"><\/p>\n\n\n\n<p>Siqueira foi, inclusive, deputado federal constituinte e relator da Subcomiss\u00e3o dos Estados da Assembleia Nacional Constituinte &#8211; Acervo\/Governo do Tocantins\u00a0<\/p>\n\n\n\n<p><img src=\"https:\/\/central.to.gov.br\/image\/337420?w=670&amp;h=383\"><\/p>\n\n\n\n<p>Nascido em Crato, no Cear\u00e1, em 1928, Siqueira Campos era filho do mestre Pac\u00edfico Siqueira Campos &#8211; que tinha a profiss\u00e3o de seleiro e sapateiro &#8211; e de dona Regina Siqueira Campos &#8211; Acervo\/Governo do Tocantins\u00a0<\/p>\n\n\n\n<p><img src=\"https:\/\/central.to.gov.br\/image\/337419?w=670&amp;h=383\"><\/p>\n\n\n\n<p>Pela sua ousadia na luta pela cria\u00e7\u00e3o do Tocantins, Siqueira Campos foi eleito deputado federal, reeleito por mais quatro mandatos, permanecendo no cargo entre 1971 e 1988, enquanto representante do norte goiano &#8211; Acervo\/Governo do Tocantins\u00a0<\/p>\n\n\n\n<p><img src=\"https:\/\/central.to.gov.br\/image\/337421?w=670&amp;h=383\"><\/p>\n\n\n\n<p>Siqueira Campos deixa sua esposa Maril\u00facia Leandro Uch\u00f4a Siqueira Campos e seus filhos &#8211; Acervo\/Governo do Tocantins\u00a0<\/p>\n\n\n\n<p><img src=\"https:\/\/central.to.gov.br\/image\/337418?w=670&amp;h=383\"><\/p>\n\n\n\n<p>Siqueira Campos governou o Tocantins em diferentes mandatos (de 1989 a 1991, de 1995 a 1998, de 1999 a 2003 e de 2011 a 2014), demonstrando uma vis\u00e3o progressista e comprometida com o desenvolvimento do Estado &#8211; Acervo\/Governo do Tocantins\u00a0<\/p>\n\n\n\n<p><img src=\"https:\/\/central.to.gov.br\/image\/337417?w=670&amp;h=383\"><\/p>\n\n\n\n<p>Durante seus governos, Siqueira Campos implementou pol\u00edticas p\u00fablicas inovadoras, incentivando o pleno desenvolvimento do Estado &#8211; Acervo\/Governo do Tocantins\u00a0<\/p>\n\n\n\n<p><img src=\"https:\/\/central.to.gov.br\/image\/337416?w=670&amp;h=383\"><\/p>\n\n\n\n<p>Siqueira Campos sempre dedicou-se a lutar pela cria\u00e7\u00e3o desse novo estado, separando o Tocantins de Goi\u00e1s &#8211; Acervo\/Governo do Tocantins<\/p>\n\n\n\n<p><img src=\"https:\/\/central.to.gov.br\/image\/337415?w=670&amp;h=383\"><\/p>\n\n\n\n<p>Durante seus governos, Siqueira implementou pol\u00edticas p\u00fablicas inovadoras, incentivando o pleno desenvolvimento do Estado, como a agricultura e o turismo &#8211; Acervo\/Governo do Tocantins\u00a0<\/p>\n\n\n\n<p><img src=\"https:\/\/central.to.gov.br\/image\/337414?w=670&amp;h=383\"><\/p>\n\n\n\n<p>Liderando o Movimento Pr\u00f3-Tocantins, Siqueira mobilizou milhares de pessoas em prol dessa causa, enfrentando desafios pol\u00edticos, burocr\u00e1ticos e econ\u00f4micos &#8211; Acervo\/Governo do Tocantins\u00a0<\/p>\n\n\n\n<p><img src=\"https:\/\/central.to.gov.br\/image\/337412?w=670&amp;h=383\"><\/p>\n\n\n\n<p>Siqueira Campos sempre dedicou-se a lutar pela cria\u00e7\u00e3o desse novo estado, separando o Tocantins de Goi\u00e1s. Seu sonho era proporcionar um desenvolvimento mais efetivo para a Regi\u00e3o Central do Brasil &#8211; Acervo\/Governo do Tocantins\u00a0<\/p>\n\n\n\n<p><img src=\"https:\/\/central.to.gov.br\/image\/337413?w=670&amp;h=383\"><\/p>\n\n\n\n<p>Como forma de honrar sua mem\u00f3ria e expressar o profundo respeito por sua contribui\u00e7\u00e3o n\u00e3o somente para o Tocantins, mas para o Brasil, o governador Wanderlei Barbosa decretou luto oficial de 7 dias e ponto facultativo nesta quarta-feira, 5 &#8211; Acervo\/Governo do Tocantins\u00a0<\/p>\n","protected":false},"excerpt":{"rendered":"<p>O governador do Tocantins, Wanderlei Barbosa, lamentou o falecimento nesta ter\u00e7a-feira, 4 de julho, do ex-governador Jos\u00e9 Wilson Siqueira Campos, a quem sempre admirou como um grande l\u00edder e homem vision\u00e1rio, cuja determina\u00e7\u00e3o e coragem foram fundamentais na cria\u00e7\u00e3o do estado do Tocantins. &#8220;Neste momento de tristeza, presto homenagem ao ex-governador do mais jovem Estado [&hellip;]<\/p>\n","protected":false},"author":2,"featured_media":16328,"comment_status":"open","ping_status":"open","sticky":false,"template":"","format":"standard","meta":[],"categories":[3],"tags":[13],"_links":{"self":[{"href":"https:\/\/dgospel.com.br\/portal\/index.php\/wp-json\/wp\/v2\/posts\/16327"}],"collection":[{"href":"https:\/\/dgospel.com.br\/portal\/index.php\/wp-json\/wp\/v2\/posts"}],"about":[{"href":"https:\/\/dgospel.com.br\/portal\/index.php\/wp-json\/wp\/v2\/types\/post"}],"author":[{"embeddable":true,"href":"https:\/\/dgospel.com.br\/portal\/index.php\/wp-json\/wp\/v2\/users\/2"}],"replies":[{"embeddable":true,"href":"https:\/\/dgospel.com.br\/portal\/index.php\/wp-json\/wp\/v2\/comments?post=16327"}],"version-history":[{"count":1,"href":"https:\/\/dgospel.com.br\/portal\/index.php\/wp-json\/wp\/v2\/posts\/16327\/revisions"}],"predecessor-version":[{"id":16329,"href":"https:\/\/dgospel.com.br\/portal\/index.php\/wp-json\/wp\/v2\/posts\/16327\/revisions\/16329"}],"wp:featuredmedia":[{"embeddable":true,"href":"https:\/\/dgospel.com.br\/portal\/index.php\/wp-json\/wp\/v2\/media\/16328"}],"wp:attachment":[{"href":"https:\/\/dgospel.com.br\/portal\/index.php\/wp-json\/wp\/v2\/media?parent=16327"}],"wp:term":[{"taxonomy":"category","embeddable":true,"href":"https:\/\/dgospel.com.br\/portal\/index.php\/wp-json\/wp\/v2\/categories?post=16327"},{"taxonomy":"post_tag","embeddable":true,"href":"https:\/\/dgospel.com.br\/portal\/index.php\/wp-json\/wp\/v2\/tags?post=16327"}],"curies":[{"name":"wp","href":"https:\/\/api.w.org\/{rel}","templated":true}]}}