{"id":16333,"date":"2023-07-05T10:28:37","date_gmt":"2023-07-05T13:28:37","guid":{"rendered":"http:\/\/dgospel.com.br\/portal\/?p=16333"},"modified":"2023-07-05T10:28:39","modified_gmt":"2023-07-05T13:28:39","slug":"ataque-de-lula-a-familia-e-coisa-de-tirano-e-reflete-acao-de-satanas-diz-pastor","status":"publish","type":"post","link":"https:\/\/dgospel.com.br\/portal\/index.php\/2023\/07\/05\/ataque-de-lula-a-familia-e-coisa-de-tirano-e-reflete-acao-de-satanas-diz-pastor\/","title":{"rendered":"Ataque de Lula \u00e0 fam\u00edlia \u00e9 \u201ccoisa de tirano\u201d e reflete a\u00e7\u00e3o de Satan\u00e1s, diz pastor"},"content":{"rendered":"\n<p>A fam\u00edlia, apesar de milenar, continua no centro dos debates desde o mundo antigo, e n\u00e3o por acaso \u00e9 alvo de grande preocupa\u00e7\u00e3o por parte dos crist\u00e3os, j\u00e1 que ela tamb\u00e9m reflete a vontade de Deus para a sociedade, bem diferente do que disse o presidente Luiz In\u00e1cio Lula da Silva (PT) dias atr\u00e1s, ao associar os defensores do conceito familiar ao \u201cdiscurso fascista\u201d.<\/p>\n\n\n\n<p>Durante a cerim\u00f4nia de abertura do Foro de S\u00e3o Paulo, na semana passada<a href=\"https:\/\/noticias.gospelmais.com.br\/lula-admite-combater-familia-costume-discurso-fascista-163024.html\">, Lula afirmou<\/a>: \u201cMuitas vezes, a direita tem mais facilidade do que n\u00f3s com um discurso fascista. Aqui, no Brasil, n\u00f3s enfrentamos o discurso do costume, da fam\u00edlia, do patriotismo\u201d.<\/p>\n\n\n\n<p>Ao completar sua fala, o petista disse que tais discursos sobre fam\u00edlia, costume e patriotismo, para ele \u201cfascista\u201d, devem ser combatidos. \u201cOu seja, aqui n\u00f3s enfrentamos um discurso de tudo aquilo que n\u00f3s aprendemos a combater\u201d, afirmou o presidente.<\/p>\n\n\n\n<h2>Origem maligna<\/h2>\n\n\n\n<p>Para Thiago Guerra, pastor da Igreja da Trindade, em S\u00e3o Jos\u00e9 dos Campos, S\u00e3o Paulo, a declara\u00e7\u00e3o do presidente da Rep\u00fablica constitui um ataque \u00e0 fam\u00edlia e possui origem maligna.<\/p>\n\n\n\n<p>Em um artigo publicado no Coaliz\u00e3o pelo Evangelho, grupo do qual \u00e9 Diretor Executivo, Guerra disse que \u201cao atacar a fam\u00edlia\u201d, Lula propaga um discurso que \u201cse iguala ao projeto da serpente que desde o \u00c9den tenta acabar com ela.\u201d<\/p>\n\n\n\n<p>\u201cNo \u00faltimo discurso do presidente Lula, nota-se um ataque \u00e0 fam\u00edlia. Esse ataque n\u00e3o \u00e9 de hoje, vem ganhando espa\u00e7o no discurso p\u00fablico h\u00e1 s\u00e9culos, especialmente nas \u00faltimas d\u00e9cadas\u201d, diz o pastor pouco antes de explicar o que, para ele, s\u00e3o os motivos dessa realidade.<\/p>\n\n\n\n<p>\u201c\u00c9 interessante notar que por vezes o diabo aparece no contexto familiar nas Escrituras. Sua primeira apari\u00e7\u00e3o no \u00c9den (Gn 3), depois Paulo o menciona no contexto familiar (1Co 7.5) e o ap\u00f3stolo Jo\u00e3o narra a persegui\u00e7\u00e3o do drag\u00e3o \u00e0 mulher gr\u00e1vida (Ap 12)\u201d, explica o pastor. \u201cAtacar a fam\u00edlia \u00e9 coisa de tirano, a exemplo de Fara\u00f3 e Herodes que atacaram crian\u00e7as indefesas.\u201d<\/p>\n\n\n\n<p>Guerra, por fim, diz que n\u00e3o enxerga com surpresa a postura do atual presidente da Rep\u00fablica, j\u00e1 que ele mesmo j\u00e1 disse se sentir orgulho de ser chamado de comunista. Segundo o pastor, os movimentos ligados \u00e0 esquerda s\u00e3o incompat\u00edveis com o Evangelho de Cristo.<\/p>\n\n\n\n<p>O l\u00edder religioso conclui dizendo que, apesar dos ataques, a fam\u00edlia continuar\u00e1 resistindo aos tempos, pois \u00e9 projeto de Deus. \u201cEla \u00e9 a \u00faltima barreira para que o Estado n\u00e3o seja soberano e governe sem limites e princ\u00edpios. Em nossas casas o Estado n\u00e3o entra com seus valores e ideais\u201d, diz o pastor.<\/p>\n\n\n\n<p>\u201cTodavia, sabemos que esse plano maligno est\u00e1 fadado ao fracasso. A promessa que temos \u00e9 que habitaremos nos novos c\u00e9us e nova terra n\u00e3o sozinhos, mas com a nossa \u2018posteridade\u2019. A fam\u00edlia prevalecer\u00e1!\u201d,\u00a0<a href=\"https:\/\/coalizaopeloevangelho.org\/article\/a-familia-prevalecera\/\">conclui<\/a>.<\/p>\n\n\n\n<p><\/p>\n","protected":false},"excerpt":{"rendered":"<p>A fam\u00edlia, apesar de milenar, continua no centro dos debates desde o mundo antigo, e n\u00e3o por acaso \u00e9 alvo de grande preocupa\u00e7\u00e3o por parte dos crist\u00e3os, j\u00e1 que ela tamb\u00e9m reflete a vontade de Deus para a sociedade, bem diferente do que disse o presidente Luiz In\u00e1cio Lula da Silva (PT) dias atr\u00e1s, ao [&hellip;]<\/p>\n","protected":false},"author":2,"featured_media":16334,"comment_status":"open","ping_status":"open","sticky":false,"template":"","format":"standard","meta":[],"categories":[10],"tags":[],"_links":{"self":[{"href":"https:\/\/dgospel.com.br\/portal\/index.php\/wp-json\/wp\/v2\/posts\/16333"}],"collection":[{"href":"https:\/\/dgospel.com.br\/portal\/index.php\/wp-json\/wp\/v2\/posts"}],"about":[{"href":"https:\/\/dgospel.com.br\/portal\/index.php\/wp-json\/wp\/v2\/types\/post"}],"author":[{"embeddable":true,"href":"https:\/\/dgospel.com.br\/portal\/index.php\/wp-json\/wp\/v2\/users\/2"}],"replies":[{"embeddable":true,"href":"https:\/\/dgospel.com.br\/portal\/index.php\/wp-json\/wp\/v2\/comments?post=16333"}],"version-history":[{"count":1,"href":"https:\/\/dgospel.com.br\/portal\/index.php\/wp-json\/wp\/v2\/posts\/16333\/revisions"}],"predecessor-version":[{"id":16335,"href":"https:\/\/dgospel.com.br\/portal\/index.php\/wp-json\/wp\/v2\/posts\/16333\/revisions\/16335"}],"wp:featuredmedia":[{"embeddable":true,"href":"https:\/\/dgospel.com.br\/portal\/index.php\/wp-json\/wp\/v2\/media\/16334"}],"wp:attachment":[{"href":"https:\/\/dgospel.com.br\/portal\/index.php\/wp-json\/wp\/v2\/media?parent=16333"}],"wp:term":[{"taxonomy":"category","embeddable":true,"href":"https:\/\/dgospel.com.br\/portal\/index.php\/wp-json\/wp\/v2\/categories?post=16333"},{"taxonomy":"post_tag","embeddable":true,"href":"https:\/\/dgospel.com.br\/portal\/index.php\/wp-json\/wp\/v2\/tags?post=16333"}],"curies":[{"name":"wp","href":"https:\/\/api.w.org\/{rel}","templated":true}]}}